{"id":1170,"date":"2009-11-13T00:00:00","date_gmt":"2009-11-12T23:00:00","guid":{"rendered":"https:\/\/guitrans.eus\/wp\/index.php\/2009\/11\/13\/los-parados-sin-prestacion-pueden-perdir-desde-hoy-la-ayuda-de-420-euros\/"},"modified":"2009-11-13T00:00:00","modified_gmt":"2009-11-12T23:00:00","slug":"los-parados-sin-prestacion-pueden-perdir-desde-hoy-la-ayuda-de-420-euros","status":"publish","type":"post","link":"https:\/\/www.guitrans.eus\/eu\/2009\/11\/13\/los-parados-sin-prestacion-pueden-perdir-desde-hoy-la-ayuda-de-420-euros\/","title":{"rendered":"Los parados sin prestaci\u00f3n&nbsp;pueden perdir desde hoy&nbsp;la ayuda de 420 euros"},"content":{"rendered":"<p>Los parados que hubieran agotado su prestaci\u00f3n o subsidio por desempleo a partir del 1 de enero de este a\u00f1o pueden solicitar desde hoy la ayuda extraordinaria de 421,79 euros mensuales puesta en marcha por el Gobierno, con una duraci\u00f3n de seis meses. El BOE public\u00f3 ayer la convalidaci\u00f3n definitiva del Real Decreto Ley por el que se establece el Programa Temporal de Protecci\u00f3n por Desempleo e Inserci\u00f3n (PRODI).<br \/>\nLos Servicios P\u00fablicos de Empleo, ante el previsible incremento de usuarios que puedan acudir a las Oficinas, ha tomado una serie de medidas encaminadas a agilizar la informaci\u00f3n, tramitaci\u00f3n y cobro de dicha prestaci\u00f3n.En primer lugar, el Servicio P\u00fablico de Empleo ya ha comenzado a enviar a todos los desempleados y desempleadas que re\u00fanen inicialmente los requisitos para ser beneficiarios un impreso en el que ya figuran sus datos -a falta \u00fanicamente de la firma del solicitante-, lo que asegura una mayor fluidez en la tramitaci\u00f3n.Adem\u00e1s, estas medidas incluyen la distribuci\u00f3n, aprobada en Conferencia Sectorial el pasado mes de octubre, de un total de 1.640.000 euros a las comunidades aut\u00f3nomas, de acuerdo al porcentaje de beneficiarios, le corresponda a cada una de ellas. Esta partida ir\u00e1 destinada reforzar la atenci\u00f3n a los usuarios que acudan a las Oficinas.BENEFICIARIOSCon objeto de facilitar la incorporaci\u00f3n al mercado laboral, los perceptores deber\u00e1n participar en itinerarios de inserci\u00f3n, que mejorar\u00e1n sus capacidades y competencias profesionales. El programa facilita una cobertura equivalente al 80% del Indicador P\u00fablico de Renta de Efectos M\u00faltiples (IPREM), es decir 420 euros mensuales, y se dispone de dos meses para solicitarla. Pueden ser beneficiarios de este programa los desempleados menores de 65 a\u00f1os que hayan agotado la prestaci\u00f3n por desempleo de nivel contributivo desde el d\u00eda 1 de ener de 2009 y no tengan derecho al subsidio, siempre que carezcan de rentas superiores al 75% del salario m\u00ednimo interprofesional, as\u00ed como aquellos que hayan extinguido por agotamiento, incluidas las pr\u00f3rrogas, los subsidios por desempleo.<\/p>\n","protected":false},"excerpt":{"rendered":"<p>Los parados que hubieran agotado su prestaci\u00f3n o subsidio por<a href=\"https:\/\/www.guitrans.eus\/eu\/2009\/11\/13\/los-parados-sin-prestacion-pueden-perdir-desde-hoy-la-ayuda-de-420-euros\/\" rel=\"nofollow\">Seguir leyendo&#8230;<\/a><\/p>\n","protected":false},"author":1,"featured_media":0,"comment_status":"open","ping_status":"open","sticky":false,"template":"","format":"standard","meta":{"footnotes":""},"categories":[88],"tags":[],"class_list":["post-1170","post","type-post","status-publish","format-standard","hentry","category-araudia"],"_links":{"self":[{"href":"https:\/\/www.guitrans.eus\/eu\/wp-json\/wp\/v2\/posts\/1170","targetHints":{"allow":["GET"]}}],"collection":[{"href":"https:\/\/www.guitrans.eus\/eu\/wp-json\/wp\/v2\/posts"}],"about":[{"href":"https:\/\/www.guitrans.eus\/eu\/wp-json\/wp\/v2\/types\/post"}],"author":[{"embeddable":true,"href":"https:\/\/www.guitrans.eus\/eu\/wp-json\/wp\/v2\/users\/1"}],"replies":[{"embeddable":true,"href":"https:\/\/www.guitrans.eus\/eu\/wp-json\/wp\/v2\/comments?post=1170"}],"version-history":[{"count":0,"href":"https:\/\/www.guitrans.eus\/eu\/wp-json\/wp\/v2\/posts\/1170\/revisions"}],"wp:attachment":[{"href":"https:\/\/www.guitrans.eus\/eu\/wp-json\/wp\/v2\/media?parent=1170"}],"wp:term":[{"taxonomy":"category","embeddable":true,"href":"https:\/\/www.guitrans.eus\/eu\/wp-json\/wp\/v2\/categories?post=1170"},{"taxonomy":"post_tag","embeddable":true,"href":"https:\/\/www.guitrans.eus\/eu\/wp-json\/wp\/v2\/tags?post=1170"}],"curies":[{"name":"wp","href":"https:\/\/api.w.org\/{rel}","templated":true}]}}