{"id":1242,"date":"2009-12-01T00:00:00","date_gmt":"2009-11-30T23:00:00","guid":{"rendered":"https:\/\/guitrans.eus\/wp\/index.php\/2009\/12\/01\/instalacion-obligatoria-de-abs-y-ralentizador-para-el-transporte-de-mercancias-peligrosas-2\/"},"modified":"2009-12-01T00:00:00","modified_gmt":"2009-11-30T23:00:00","slug":"instalacion-obligatoria-de-abs-y-ralentizador-para-el-transporte-de-mercancias-peligrosas-2","status":"publish","type":"post","link":"https:\/\/www.guitrans.eus\/eu\/2009\/12\/01\/instalacion-obligatoria-de-abs-y-ralentizador-para-el-transporte-de-mercancias-peligrosas-2\/","title":{"rendered":"Instalaci\u00f3n obligatoria de ABS y ralentizador para el transporte de mercanc\u00edas peligrosas"},"content":{"rendered":"<p>Recordamos que a partir del pr\u00f3ximo 1 de enero de 2010, seg\u00fan establece el 9.2.3 del ADR, todos los veh\u00edculos con certificado ADR para el transporte de mercanc\u00edas peligrosas por carretera deber\u00e1n estar equipados obligatoriamente con un sistema de frenado antibloqueo (ABS) y un dispositivo de frenado de resistencia (ralentizador).&nbsp;En el caso de los veh\u00edculos a motor, este sistema de frenado antibloqueo deber\u00e1 ser el de Categor\u00eda 1, que es el m\u00e1s completo y avanzado de los que en la actualidad se montan en el mercado. Por su parte, los remolques y semirremolques deber\u00e1n contar con un sistema de Categor\u00eda A que disponga, como m\u00ednimo, de dos sensores y dos moduladores.<br \/>\nSin embargo, para los remolques O4 (aquellos cuya MMA sea superior a 10 Tn), matriculados en Espa\u00f1a antes del 1 de julio de 1995, no se exige de cara a la renovaci\u00f3n de los correspondientes certificados ADR, que los dispositivos cumplan con las prescripciones t\u00e9cnicas de la categor\u00eda A, bastando para ello con que cumplan las de la categor\u00eda B. A este acuerdo ha llegado recientemente el Grupo de Trabajo sobre Transporte de Mercanc\u00edas Peligrosas de la Comisi\u00f3n Europea para Europa que ha decidido introducir una disposici\u00f3n transitoria al respecto en el ADR 2011, disposici\u00f3n que va a ser complementada de inmediato con una propuesta de acuerdo multilateral que permita la posibilidad anteriormente mencionada.<\/p>\n","protected":false},"excerpt":{"rendered":"<p>Recordamos que a partir del pr\u00f3ximo 1 de enero de<a href=\"https:\/\/www.guitrans.eus\/eu\/2009\/12\/01\/instalacion-obligatoria-de-abs-y-ralentizador-para-el-transporte-de-mercancias-peligrosas-2\/\" rel=\"nofollow\">Seguir leyendo&#8230;<\/a><\/p>\n","protected":false},"author":1,"featured_media":0,"comment_status":"open","ping_status":"open","sticky":false,"template":"","format":"standard","meta":{"footnotes":""},"categories":[25],"tags":[],"class_list":["post-1242","post","type-post","status-publish","format-standard","hentry","category-mercancias-peligrosas"],"_links":{"self":[{"href":"https:\/\/www.guitrans.eus\/eu\/wp-json\/wp\/v2\/posts\/1242","targetHints":{"allow":["GET"]}}],"collection":[{"href":"https:\/\/www.guitrans.eus\/eu\/wp-json\/wp\/v2\/posts"}],"about":[{"href":"https:\/\/www.guitrans.eus\/eu\/wp-json\/wp\/v2\/types\/post"}],"author":[{"embeddable":true,"href":"https:\/\/www.guitrans.eus\/eu\/wp-json\/wp\/v2\/users\/1"}],"replies":[{"embeddable":true,"href":"https:\/\/www.guitrans.eus\/eu\/wp-json\/wp\/v2\/comments?post=1242"}],"version-history":[{"count":0,"href":"https:\/\/www.guitrans.eus\/eu\/wp-json\/wp\/v2\/posts\/1242\/revisions"}],"wp:attachment":[{"href":"https:\/\/www.guitrans.eus\/eu\/wp-json\/wp\/v2\/media?parent=1242"}],"wp:term":[{"taxonomy":"category","embeddable":true,"href":"https:\/\/www.guitrans.eus\/eu\/wp-json\/wp\/v2\/categories?post=1242"},{"taxonomy":"post_tag","embeddable":true,"href":"https:\/\/www.guitrans.eus\/eu\/wp-json\/wp\/v2\/tags?post=1242"}],"curies":[{"name":"wp","href":"https:\/\/api.w.org\/{rel}","templated":true}]}}