{"id":153,"date":"2007-10-05T00:00:00","date_gmt":"2007-10-04T22:00:00","guid":{"rendered":"https:\/\/guitrans.eus\/wp\/index.php\/2007\/10\/05\/reforma-del-codigo-penal-exceso-de-velocidad-y-alcohol-se-penaran-con-carcel-2\/"},"modified":"2007-10-05T00:00:00","modified_gmt":"2007-10-04T22:00:00","slug":"reforma-del-codigo-penal-exceso-de-velocidad-y-alcohol-se-penaran-con-carcel-2","status":"publish","type":"post","link":"https:\/\/www.guitrans.eus\/eu\/2007\/10\/05\/reforma-del-codigo-penal-exceso-de-velocidad-y-alcohol-se-penaran-con-carcel-2\/","title":{"rendered":"Reforma del C\u00f3digo Penal: exceso de velocidad y alcohol se penar\u00e1n con c\u00e1rcel"},"content":{"rendered":"<p>El Pleno del Congreso de los Diputados dio ayer luz verde a la reforma del C\u00f3digo Penal en materia de Seguridad Vial, que persigue endurecer las sanciones por conducci\u00f3n temeraria con penas de c\u00e1rcel, en los casos m\u00e1s graves. La reforma ha contado con un amplio respaldo de los grupos y ha sido aprobada para su posterior remisi\u00f3n al Senado. Los grupos tramitan esta norma por el tr\u00e1mite de urgencia para que entre en vigor antes de final de a\u00f1o.Las faltas se elevar\u00e1n a delito si se conduce a m\u00e1s de 200 km\/h en autov\u00eda, m\u00e1s de 180 en carretera y 110 en v\u00eda urbana; as\u00ed como por dar una tasa de m\u00e1s de 1,2 gramos de alcohol en sangre. La reforma no s\u00f3lo endurece las medidas en casos concretos de exceso de velocidad y consumo de alcohol. Tambi\u00e9n se considerar\u00e1 un delito penal conducir un veh\u00edculo habiendo perdido todos los puntos del carn\u00e9, supuesto que ser\u00e1 castigado con tres a seis meses de c\u00e1rcel y la privaci\u00f3n del derecho&nbsp; a conducir por un tiempo de entre uno y seis a\u00f1os. <\/p>\n<p>      Adem\u00e1s, la reforma prev\u00e9 penas de prisi\u00f3n de seis meses a dos a\u00f1os para el conductor que &#8220;con temeridad manifiesta&#8221; ponga en peligro la vida o la integridad de las personas, y la pena ser\u00e1 de dos a cinco a\u00f1os de c\u00e1rcel si el conductor act\u00faa de esa forma &#8220;con consciente desprecio por la vida de los dem\u00e1s&#8221;.<br \/>\n      Igualmente, se ha introducido un nuevo tipo penal para aquellas personas que conduzcan un veh\u00edculo, sin haber tenido nunca un permiso. En estos casos, se les aplicar\u00eda el mismo castigo que el contemplado para las personas que conducen habiendo perdido todos los puntos del carnet.<br \/>\n      Por otra parte, la ley delegar\u00e1 competencias a los jefes provinciales de tr\u00e1fico en materia sancionadora, as\u00ed como al reci\u00e9n creado Centro automatizado de Sanciones, con el fin de agilizar y dar un tratamiento homog\u00e9neo a las multas.<\/p>\n","protected":false},"excerpt":{"rendered":"<p>El Pleno del Congreso de los Diputados dio ayer luz<a href=\"https:\/\/www.guitrans.eus\/eu\/2007\/10\/05\/reforma-del-codigo-penal-exceso-de-velocidad-y-alcohol-se-penaran-con-carcel-2\/\" rel=\"nofollow\">Seguir leyendo&#8230;<\/a><\/p>\n","protected":false},"author":1,"featured_media":0,"comment_status":"open","ping_status":"open","sticky":false,"template":"","format":"standard","meta":{"footnotes":""},"categories":[26],"tags":[],"class_list":["post-153","post","type-post","status-publish","format-standard","hentry","category-normativa"],"_links":{"self":[{"href":"https:\/\/www.guitrans.eus\/eu\/wp-json\/wp\/v2\/posts\/153","targetHints":{"allow":["GET"]}}],"collection":[{"href":"https:\/\/www.guitrans.eus\/eu\/wp-json\/wp\/v2\/posts"}],"about":[{"href":"https:\/\/www.guitrans.eus\/eu\/wp-json\/wp\/v2\/types\/post"}],"author":[{"embeddable":true,"href":"https:\/\/www.guitrans.eus\/eu\/wp-json\/wp\/v2\/users\/1"}],"replies":[{"embeddable":true,"href":"https:\/\/www.guitrans.eus\/eu\/wp-json\/wp\/v2\/comments?post=153"}],"version-history":[{"count":0,"href":"https:\/\/www.guitrans.eus\/eu\/wp-json\/wp\/v2\/posts\/153\/revisions"}],"wp:attachment":[{"href":"https:\/\/www.guitrans.eus\/eu\/wp-json\/wp\/v2\/media?parent=153"}],"wp:term":[{"taxonomy":"category","embeddable":true,"href":"https:\/\/www.guitrans.eus\/eu\/wp-json\/wp\/v2\/categories?post=153"},{"taxonomy":"post_tag","embeddable":true,"href":"https:\/\/www.guitrans.eus\/eu\/wp-json\/wp\/v2\/tags?post=153"}],"curies":[{"name":"wp","href":"https:\/\/api.w.org\/{rel}","templated":true}]}}