{"id":1566,"date":"2010-07-14T00:00:00","date_gmt":"2010-07-13T22:00:00","guid":{"rendered":"https:\/\/guitrans.eus\/wp\/index.php\/2010\/07\/14\/cartel-o-placa-v-21-obligatorio-para-los-coches-piloto-a-partir-del-23-de-julio\/"},"modified":"2010-07-14T00:00:00","modified_gmt":"2010-07-13T22:00:00","slug":"cartel-o-placa-v-21-obligatorio-para-los-coches-piloto-a-partir-del-23-de-julio","status":"publish","type":"post","link":"https:\/\/www.guitrans.eus\/eu\/2010\/07\/14\/cartel-o-placa-v-21-obligatorio-para-los-coches-piloto-a-partir-del-23-de-julio\/","title":{"rendered":"Cartel o placa&nbsp;V-21: obligatorio para los coches piloto a partir del 23 de julio"},"content":{"rendered":"<p>Como ya&nbsp;se ha venido informando en sucesivos boletines, en el BOE&nbsp;de 23 de enero pasado se public\u00f3 la Orden PRE 52\/2010, de 21 de enero, por la que se modifican los Anexos II, IX del Reglamento General de Veh\u00edculos que incorpora&nbsp;un apartado sobre esta se\u00f1al. A continuaci\u00f3n se resumen las principales caracter\u00edsticas del cartel V-21, obligatorio a partir del pr\u00f3ximo 23 de julio: <\/p>\n<p>Obligados: <\/p>\n<p>Deber\u00e1n llevar esta se\u00f1al los veh\u00edculos cuando circulen s\u00f3lo en funci\u00f3n y en servicio de acompa\u00f1amiento a la circulaci\u00f3n de un veh\u00edculo especial o en un veh\u00edculo en r\u00e9gimen de transporte especial. <\/p>\n<p>Caracter\u00edsticas t\u00e9cnicas: <\/p>\n<p>  La se\u00f1al ser\u00e1 de fondo blanco reflectante con borde negro mate y en ella deber\u00e1 figurar la palabra ESPECIAL en letras negras.<br \/>\n  El cartel deber\u00e1 estar pintado por ambos lados, a efectos de que pueda verse tanto por delante como por detr\u00e1s del veh\u00edculo, y podr\u00e1 estar iluminado con un m\u00e1ximo de 15w.  <\/p>\n<p>Colocaci\u00f3n: <\/p>\n<p>  Ir\u00e1 colocada en vertical en la parte superior del veh\u00edculo de acompa\u00f1amiento (coloquialmente llamado coche piloto), de forma vertical y sujeta de tal modo que se evite el riesgo de ca\u00edda.<br \/>\n  Se instalar\u00e1 como elemento supletorio adicional (movible). <\/p>\n<p>NORMATIVA REGULADORA: Orden PRE 52\/2010 de 21 de enero por la que se modifican los Anexos II, IX del Reglamento General de Veh\u00edculos (BOE, 23\/01\/10).<\/p>\n","protected":false},"excerpt":{"rendered":"<p>Como ya&nbsp;se ha venido informando en sucesivos boletines, en el<a href=\"https:\/\/www.guitrans.eus\/eu\/2010\/07\/14\/cartel-o-placa-v-21-obligatorio-para-los-coches-piloto-a-partir-del-23-de-julio\/\" rel=\"nofollow\">Seguir leyendo&#8230;<\/a><\/p>\n","protected":false},"author":1,"featured_media":0,"comment_status":"open","ping_status":"open","sticky":false,"template":"","format":"standard","meta":{"footnotes":""},"categories":[88],"tags":[],"class_list":["post-1566","post","type-post","status-publish","format-standard","hentry","category-araudia"],"_links":{"self":[{"href":"https:\/\/www.guitrans.eus\/eu\/wp-json\/wp\/v2\/posts\/1566","targetHints":{"allow":["GET"]}}],"collection":[{"href":"https:\/\/www.guitrans.eus\/eu\/wp-json\/wp\/v2\/posts"}],"about":[{"href":"https:\/\/www.guitrans.eus\/eu\/wp-json\/wp\/v2\/types\/post"}],"author":[{"embeddable":true,"href":"https:\/\/www.guitrans.eus\/eu\/wp-json\/wp\/v2\/users\/1"}],"replies":[{"embeddable":true,"href":"https:\/\/www.guitrans.eus\/eu\/wp-json\/wp\/v2\/comments?post=1566"}],"version-history":[{"count":0,"href":"https:\/\/www.guitrans.eus\/eu\/wp-json\/wp\/v2\/posts\/1566\/revisions"}],"wp:attachment":[{"href":"https:\/\/www.guitrans.eus\/eu\/wp-json\/wp\/v2\/media?parent=1566"}],"wp:term":[{"taxonomy":"category","embeddable":true,"href":"https:\/\/www.guitrans.eus\/eu\/wp-json\/wp\/v2\/categories?post=1566"},{"taxonomy":"post_tag","embeddable":true,"href":"https:\/\/www.guitrans.eus\/eu\/wp-json\/wp\/v2\/tags?post=1566"}],"curies":[{"name":"wp","href":"https:\/\/api.w.org\/{rel}","templated":true}]}}