{"id":1605,"date":"2010-06-17T00:00:00","date_gmt":"2010-06-16T22:00:00","guid":{"rendered":"https:\/\/guitrans.eus\/wp\/index.php\/2010\/06\/17\/el-parlamento-europeo-se-posiciona-a-favor-de-incluir-a-los-autonomos-en-la-directiva-de-tiempos-de-trabajo\/"},"modified":"2010-06-17T00:00:00","modified_gmt":"2010-06-16T22:00:00","slug":"el-parlamento-europeo-se-posiciona-a-favor-de-incluir-a-los-autonomos-en-la-directiva-de-tiempos-de-trabajo","status":"publish","type":"post","link":"https:\/\/www.guitrans.eus\/eu\/2010\/06\/17\/el-parlamento-europeo-se-posiciona-a-favor-de-incluir-a-los-autonomos-en-la-directiva-de-tiempos-de-trabajo\/","title":{"rendered":"El Parlamento Europeo se posiciona a favor de incluir a los aut\u00f3nomos en la Directiva de Tiempos de Trabajo"},"content":{"rendered":"<p>El Pleno de la Euroc\u00e1mara oblig\u00f3 el pasado mi\u00e9rcoles a la Comisi\u00f3n Europea a que incluya a los conductores aut\u00f3nomos en la directiva sobre el tiempo de trabajo de los transportistas. Los eurodiputados han rechazado, con 368 votos a favor, 301 en contra y 8 abstenciones, la propuesta de Bruselas, favorable a excluirlos de la normativa que les permitir\u00e1 a conducir un m\u00e1ximo de 48 horas semanales. En vista del resultado obtenido en el Hemiciclo, el Ejecutivo comunitario, que deber\u00e1 respetar la voluntad de la Euroc\u00e1mara, ha declarado su intenci\u00f3n de &#8220;revisar la propuesta legislativa&#8221; e incluso, &#8220;retirarla&#8221;. La directiva sobre el tiempo de trabajo de los conductores, en vigor desde 2002,&nbsp;preve\u00eda incluir a los conductores aut\u00f3nomos en su campo de aplicaci\u00f3n a partir del 23 de marzo de 2009, excepto si el Ejecutivo comunitario publicaba una propuesta en sentido contrario antes de esa fecha. Bruselas present\u00f3 un informe en octubre de 2008 en el que alegaba que no era necesario incluir a los aut\u00f3nomos sino que bastaba con resolver el problema de los &#8220;falsos independientes&#8221;, es decir, los conductores que tienen oficialmente el estatuto de aut\u00f3nomos pero s\u00f3lo trabajan para un cliente. Pero la propuesta de la Comisi\u00f3n ha sido tumbada por la Euroc\u00e1mara.<\/p>\n","protected":false},"excerpt":{"rendered":"<p>El Pleno de la Euroc\u00e1mara oblig\u00f3 el pasado mi\u00e9rcoles a<a href=\"https:\/\/www.guitrans.eus\/eu\/2010\/06\/17\/el-parlamento-europeo-se-posiciona-a-favor-de-incluir-a-los-autonomos-en-la-directiva-de-tiempos-de-trabajo\/\" rel=\"nofollow\">Seguir leyendo&#8230;<\/a><\/p>\n","protected":false},"author":1,"featured_media":0,"comment_status":"open","ping_status":"open","sticky":false,"template":"","format":"standard","meta":{"footnotes":""},"categories":[88],"tags":[],"class_list":["post-1605","post","type-post","status-publish","format-standard","hentry","category-araudia"],"_links":{"self":[{"href":"https:\/\/www.guitrans.eus\/eu\/wp-json\/wp\/v2\/posts\/1605","targetHints":{"allow":["GET"]}}],"collection":[{"href":"https:\/\/www.guitrans.eus\/eu\/wp-json\/wp\/v2\/posts"}],"about":[{"href":"https:\/\/www.guitrans.eus\/eu\/wp-json\/wp\/v2\/types\/post"}],"author":[{"embeddable":true,"href":"https:\/\/www.guitrans.eus\/eu\/wp-json\/wp\/v2\/users\/1"}],"replies":[{"embeddable":true,"href":"https:\/\/www.guitrans.eus\/eu\/wp-json\/wp\/v2\/comments?post=1605"}],"version-history":[{"count":0,"href":"https:\/\/www.guitrans.eus\/eu\/wp-json\/wp\/v2\/posts\/1605\/revisions"}],"wp:attachment":[{"href":"https:\/\/www.guitrans.eus\/eu\/wp-json\/wp\/v2\/media?parent=1605"}],"wp:term":[{"taxonomy":"category","embeddable":true,"href":"https:\/\/www.guitrans.eus\/eu\/wp-json\/wp\/v2\/categories?post=1605"},{"taxonomy":"post_tag","embeddable":true,"href":"https:\/\/www.guitrans.eus\/eu\/wp-json\/wp\/v2\/tags?post=1605"}],"curies":[{"name":"wp","href":"https:\/\/api.w.org\/{rel}","templated":true}]}}