{"id":17736,"date":"2026-02-19T09:33:41","date_gmt":"2026-02-19T08:33:41","guid":{"rendered":"https:\/\/www.guitrans.eus\/?p=17736"},"modified":"2026-02-19T15:13:46","modified_gmt":"2026-02-19T14:13:46","slug":"ultima-hora-sobre-el-proceso-de-negociacion-de-la-jubilacion-anticipada-para-conductores-profesionales","status":"publish","type":"post","link":"https:\/\/www.guitrans.eus\/eu\/2026\/02\/19\/ultima-hora-sobre-el-proceso-de-negociacion-de-la-jubilacion-anticipada-para-conductores-profesionales\/","title":{"rendered":"\u00daLTIMA HORA sobre el proceso de negociaci\u00f3n de la jubilaci\u00f3n anticipada para conductores profesionales"},"content":{"rendered":"<p>Tal y como ya anunciamos en su d\u00eda, en octubre pasado se present\u00f3 ante el Ministerio de la Seguridad Social la solicitud para tramitaci\u00f3n y posterior aprobaci\u00f3n de la jubilaci\u00f3n anticipada para los conductores profesionales en el sector del transporte por carretera, solicitud que fue promovida por los sindicatos UGT y CCOO y por las patronales CETM, FENADISMER y FITRANS, de la que forma parte GUITRANS.<\/p>\n<p>Ayer, d\u00eda 18, se celebr\u00f3 una reuni\u00f3n entre los solicitantes en la que se abord\u00f3 el requerimiento realizado por el Ministerio de Seguridad Social para presentar los datos de identificaci\u00f3n de las personas incluidas en el colectivo de conductores que presten o hayan prestado servicio durante los a\u00f1os 2018-2025, algo que afectar\u00eda a un total de 300.000 conductores.<\/p>\n<p>Ante la extrema dificultad que entra\u00f1a la obtenci\u00f3n de estos datos, se ha acordado solicitar una reuni\u00f3n al Ministerio de Seguridad Social para tratar esta cuesti\u00f3n, ya que se entiende que la Tesorer\u00eda General de la Seguridad Social dispone de esos datos, siendo lo m\u00e1s l\u00f3gico que sea esta o el Ministerio de Transportes quien los facilite.<\/p>\n<p>Les mantendremos informados.<\/p>\n","protected":false},"excerpt":{"rendered":"<p>Tal y como ya anunciamos en su d\u00eda, en octubre<a href=\"https:\/\/www.guitrans.eus\/eu\/2026\/02\/19\/ultima-hora-sobre-el-proceso-de-negociacion-de-la-jubilacion-anticipada-para-conductores-profesionales\/\" rel=\"nofollow\">Seguir leyendo&#8230;<\/a><\/p>\n","protected":false},"author":3,"featured_media":0,"comment_status":"closed","ping_status":"closed","sticky":false,"template":"","format":"standard","meta":{"footnotes":""},"categories":[23],"tags":[233],"class_list":["post-17736","post","type-post","status-publish","format-standard","hentry","category-laboral","tag-boletin-1795"],"_links":{"self":[{"href":"https:\/\/www.guitrans.eus\/eu\/wp-json\/wp\/v2\/posts\/17736","targetHints":{"allow":["GET"]}}],"collection":[{"href":"https:\/\/www.guitrans.eus\/eu\/wp-json\/wp\/v2\/posts"}],"about":[{"href":"https:\/\/www.guitrans.eus\/eu\/wp-json\/wp\/v2\/types\/post"}],"author":[{"embeddable":true,"href":"https:\/\/www.guitrans.eus\/eu\/wp-json\/wp\/v2\/users\/3"}],"replies":[{"embeddable":true,"href":"https:\/\/www.guitrans.eus\/eu\/wp-json\/wp\/v2\/comments?post=17736"}],"version-history":[{"count":0,"href":"https:\/\/www.guitrans.eus\/eu\/wp-json\/wp\/v2\/posts\/17736\/revisions"}],"wp:attachment":[{"href":"https:\/\/www.guitrans.eus\/eu\/wp-json\/wp\/v2\/media?parent=17736"}],"wp:term":[{"taxonomy":"category","embeddable":true,"href":"https:\/\/www.guitrans.eus\/eu\/wp-json\/wp\/v2\/categories?post=17736"},{"taxonomy":"post_tag","embeddable":true,"href":"https:\/\/www.guitrans.eus\/eu\/wp-json\/wp\/v2\/tags?post=17736"}],"curies":[{"name":"wp","href":"https:\/\/api.w.org\/{rel}","templated":true}]}}