{"id":1789,"date":"2010-10-05T00:00:00","date_gmt":"2010-10-04T22:00:00","guid":{"rendered":"https:\/\/guitrans.eus\/wp\/index.php\/2010\/10\/05\/la-noche-de-manana-se-corta-la-rotonda-de-portugalete-en-la-autopista-a-8\/"},"modified":"2010-10-05T00:00:00","modified_gmt":"2010-10-04T22:00:00","slug":"la-noche-de-manana-se-corta-la-rotonda-de-portugalete-en-la-autopista-a-8","status":"publish","type":"post","link":"https:\/\/www.guitrans.eus\/eu\/2010\/10\/05\/la-noche-de-manana-se-corta-la-rotonda-de-portugalete-en-la-autopista-a-8\/","title":{"rendered":"La noche de ma\u00f1ana se corta la rotonda de Portugalete en la autopista A-8"},"content":{"rendered":"<p>El corte tendr\u00e1 lugar entre las 23:00 y las 5:00 del d\u00eda siguiente, y estar\u00e1n afectados los movimientos circulatorios de Portugalete hacia Sestao por el Eje del Ballonti, cuyo desv\u00edo se realizar\u00e1 hasta la Rotonda de Ortuella, pudiendo dirigirse desde este punto hac\u00eda la BI-628, el Eje del Ballonti, y las entradas a Portugalete desde Bilbao o desde Ortuella, cuyo desv\u00edo se realizar\u00e1 por el propio Eje del Ballonti hasta la primera rotonda, la Rotonda de Nervacero, donde podr\u00e1n efectuar el cambio de sentido en direcci\u00f3n a Portugalete. Los trabajos y tambi\u00e9n los cambios, estar\u00e1n correctamente se\u00f1alizados.<\/p>\n","protected":false},"excerpt":{"rendered":"<p>En las obras del tramo 2a, Enlace Ortuella &#8211; Portugalete, de la Variante Sur Metropolitana, se va a proceder este jueves 7 de octubre al corte total de parte de la Rotonda de los Tubos, o Rotonda de Portugalete, en el enlace Ortuella-Portugalete de la autopista A-8.<\/p>\n","protected":false},"author":1,"featured_media":0,"comment_status":"open","ping_status":"open","sticky":false,"template":"","format":"standard","meta":{"footnotes":""},"categories":[36],"tags":[],"class_list":["post-1789","post","type-post","status-publish","format-standard","hentry","category-trafico-seguridad-vial"],"_links":{"self":[{"href":"https:\/\/www.guitrans.eus\/eu\/wp-json\/wp\/v2\/posts\/1789","targetHints":{"allow":["GET"]}}],"collection":[{"href":"https:\/\/www.guitrans.eus\/eu\/wp-json\/wp\/v2\/posts"}],"about":[{"href":"https:\/\/www.guitrans.eus\/eu\/wp-json\/wp\/v2\/types\/post"}],"author":[{"embeddable":true,"href":"https:\/\/www.guitrans.eus\/eu\/wp-json\/wp\/v2\/users\/1"}],"replies":[{"embeddable":true,"href":"https:\/\/www.guitrans.eus\/eu\/wp-json\/wp\/v2\/comments?post=1789"}],"version-history":[{"count":0,"href":"https:\/\/www.guitrans.eus\/eu\/wp-json\/wp\/v2\/posts\/1789\/revisions"}],"wp:attachment":[{"href":"https:\/\/www.guitrans.eus\/eu\/wp-json\/wp\/v2\/media?parent=1789"}],"wp:term":[{"taxonomy":"category","embeddable":true,"href":"https:\/\/www.guitrans.eus\/eu\/wp-json\/wp\/v2\/categories?post=1789"},{"taxonomy":"post_tag","embeddable":true,"href":"https:\/\/www.guitrans.eus\/eu\/wp-json\/wp\/v2\/tags?post=1789"}],"curies":[{"name":"wp","href":"https:\/\/api.w.org\/{rel}","templated":true}]}}