{"id":19070,"date":"2026-08-28T09:24:01","date_gmt":"2026-08-28T07:24:01","guid":{"rendered":"https:\/\/www.guitrans.eus\/?p=19070"},"modified":"2026-08-28T09:24:01","modified_gmt":"2026-08-28T07:24:01","slug":"el-indicador-adelantado-del-ipc-situa-su-variacion-anual-en-el-43-en-agosto","status":"publish","type":"post","link":"https:\/\/www.guitrans.eus\/eu\/2026\/08\/28\/el-indicador-adelantado-del-ipc-situa-su-variacion-anual-en-el-43-en-agosto\/","title":{"rendered":"El indicador adelantado del IPC sit\u00faa su variaci\u00f3n anual en el 4,3% en agosto"},"content":{"rendered":"<p><img loading=\"lazy\" decoding=\"async\" class=\"alignnone size-full wp-image-19071\" src=\"https:\/\/www.guitrans.eus\/wp-content\/uploads\/2026\/08\/img_IPC_var.png\" alt=\"\" width=\"354\" height=\"188\" srcset=\"https:\/\/www.guitrans.eus\/wp-content\/uploads\/2026\/08\/img_IPC_var.png 354w, https:\/\/www.guitrans.eus\/wp-content\/uploads\/2026\/08\/img_IPC_var-300x159.png 300w\" sizes=\"auto, (max-width: 354px) 100vw, 354px\" \/><\/p>\n<p>Siete\u00a0d\u00e9cimas por encima de la registrada en julio. En este comportamiento influyen los precios de los combustibles y lubricantes para veh\u00edculos personales, que suben mientras que en agosto de 2025 bajaron; y tambi\u00e9n, aunque en menor medida, los alimentos y bebidas no alcoh\u00f3licas, cuyos precios descienden menos que en el mismo mes del a\u00f1o pasado. El dato definitiva lo dar\u00e1 a conocer el INE el pr\u00f3ximo 15 de septiembre.<\/p>\n","protected":false},"excerpt":{"rendered":"<p>Siete\u00a0d\u00e9cimas por encima de la registrada en julio. En este<a href=\"https:\/\/www.guitrans.eus\/eu\/2026\/08\/28\/el-indicador-adelantado-del-ipc-situa-su-variacion-anual-en-el-43-en-agosto\/\" rel=\"nofollow\">Seguir leyendo&#8230;<\/a><\/p>\n","protected":false},"author":3,"featured_media":0,"comment_status":"closed","ping_status":"closed","sticky":false,"template":"","format":"standard","meta":{"footnotes":""},"categories":[10],"tags":[],"class_list":["post-19070","post","type-post","status-publish","format-standard","hentry","category-economia"],"_links":{"self":[{"href":"https:\/\/www.guitrans.eus\/eu\/wp-json\/wp\/v2\/posts\/19070","targetHints":{"allow":["GET"]}}],"collection":[{"href":"https:\/\/www.guitrans.eus\/eu\/wp-json\/wp\/v2\/posts"}],"about":[{"href":"https:\/\/www.guitrans.eus\/eu\/wp-json\/wp\/v2\/types\/post"}],"author":[{"embeddable":true,"href":"https:\/\/www.guitrans.eus\/eu\/wp-json\/wp\/v2\/users\/3"}],"replies":[{"embeddable":true,"href":"https:\/\/www.guitrans.eus\/eu\/wp-json\/wp\/v2\/comments?post=19070"}],"version-history":[{"count":0,"href":"https:\/\/www.guitrans.eus\/eu\/wp-json\/wp\/v2\/posts\/19070\/revisions"}],"wp:attachment":[{"href":"https:\/\/www.guitrans.eus\/eu\/wp-json\/wp\/v2\/media?parent=19070"}],"wp:term":[{"taxonomy":"category","embeddable":true,"href":"https:\/\/www.guitrans.eus\/eu\/wp-json\/wp\/v2\/categories?post=19070"},{"taxonomy":"post_tag","embeddable":true,"href":"https:\/\/www.guitrans.eus\/eu\/wp-json\/wp\/v2\/tags?post=19070"}],"curies":[{"name":"wp","href":"https:\/\/api.w.org\/{rel}","templated":true}]}}