{"id":19096,"date":"2026-09-03T09:00:58","date_gmt":"2026-09-03T07:00:58","guid":{"rendered":"https:\/\/www.guitrans.eus\/?p=19096"},"modified":"2026-09-03T09:35:22","modified_gmt":"2026-09-03T07:35:22","slug":"habra-una-nueva-subida-del-salario-minimo-en-2027","status":"publish","type":"post","link":"https:\/\/www.guitrans.eus\/eu\/2026\/09\/03\/habra-una-nueva-subida-del-salario-minimo-en-2027\/","title":{"rendered":"Habr\u00e1 una nueva subida del salario m\u00ednimo en 2027"},"content":{"rendered":"<p>Aunque la regulaci\u00f3n del SMI en Espa\u00f1a prev\u00e9 una situaci\u00f3n de excepcionalidad que permitir\u00eda su revalorizaci\u00f3n semestral en caso de que se produjera una abrupta subida del IPC, el Ministerio de Trabajo descarta activar esa cl\u00e1usula en lo que resta de a\u00f1o. Sin embargo, lo que se ha confirmado es que se pondr\u00e1 en marcha pr\u00f3ximamente la nueva subida del salario m\u00ednimo en 2027. Como viene siendo habitual en los \u00faltimos a\u00f1os, se configurar\u00e1 mediante previo dictamen del comit\u00e9 de expertos, y posteriormente se presentar\u00e1n los resultados de la recomendaci\u00f3n de subida a los agentes sociales en la mesa de di\u00e1logo. Si bien, cabe recodar, la subida del salario m\u00ednimo es prerrogativa del Gobierno a trav\u00e9s de real decreto ley.<\/p>\n","protected":false},"excerpt":{"rendered":"<p>Aunque la regulaci\u00f3n del SMI en Espa\u00f1a prev\u00e9 una situaci\u00f3n<a href=\"https:\/\/www.guitrans.eus\/eu\/2026\/09\/03\/habra-una-nueva-subida-del-salario-minimo-en-2027\/\" rel=\"nofollow\">Seguir leyendo&#8230;<\/a><\/p>\n","protected":false},"author":3,"featured_media":0,"comment_status":"closed","ping_status":"closed","sticky":false,"template":"","format":"standard","meta":{"footnotes":""},"categories":[10],"tags":[299],"class_list":["post-19096","post","type-post","status-publish","format-standard","hentry","category-economia","tag-boletin-1824"],"_links":{"self":[{"href":"https:\/\/www.guitrans.eus\/eu\/wp-json\/wp\/v2\/posts\/19096","targetHints":{"allow":["GET"]}}],"collection":[{"href":"https:\/\/www.guitrans.eus\/eu\/wp-json\/wp\/v2\/posts"}],"about":[{"href":"https:\/\/www.guitrans.eus\/eu\/wp-json\/wp\/v2\/types\/post"}],"author":[{"embeddable":true,"href":"https:\/\/www.guitrans.eus\/eu\/wp-json\/wp\/v2\/users\/3"}],"replies":[{"embeddable":true,"href":"https:\/\/www.guitrans.eus\/eu\/wp-json\/wp\/v2\/comments?post=19096"}],"version-history":[{"count":0,"href":"https:\/\/www.guitrans.eus\/eu\/wp-json\/wp\/v2\/posts\/19096\/revisions"}],"wp:attachment":[{"href":"https:\/\/www.guitrans.eus\/eu\/wp-json\/wp\/v2\/media?parent=19096"}],"wp:term":[{"taxonomy":"category","embeddable":true,"href":"https:\/\/www.guitrans.eus\/eu\/wp-json\/wp\/v2\/categories?post=19096"},{"taxonomy":"post_tag","embeddable":true,"href":"https:\/\/www.guitrans.eus\/eu\/wp-json\/wp\/v2\/tags?post=19096"}],"curies":[{"name":"wp","href":"https:\/\/api.w.org\/{rel}","templated":true}]}}