{"id":197,"date":"2007-11-07T00:00:00","date_gmt":"2007-11-06T23:00:00","guid":{"rendered":"https:\/\/guitrans.eus\/wp\/index.php\/2007\/11\/07\/los-sindicatos-ferroviarios-franceses-convocan-una-huelga-indefinida-a-partir-del-dia-13-2\/"},"modified":"2007-11-07T00:00:00","modified_gmt":"2007-11-06T23:00:00","slug":"los-sindicatos-ferroviarios-franceses-convocan-una-huelga-indefinida-a-partir-del-dia-13-2","status":"publish","type":"post","link":"https:\/\/www.guitrans.eus\/eu\/2007\/11\/07\/los-sindicatos-ferroviarios-franceses-convocan-una-huelga-indefinida-a-partir-del-dia-13-2\/","title":{"rendered":"Los sindicatos ferroviarios franceses convocan una huelga indefinida a partir del d\u00eda 13"},"content":{"rendered":"<p>La mayor\u00eda de los sindicatos representados en la compa\u00f1\u00eda ferroviaria francesa SNCF han convocado una nueva huelga a partir de las 20:00 horas del pr\u00f3ximo d\u00eda 13 para protestar contra el plan del Gobierno de modificar los reg\u00edmenes especiales de jubilaci\u00f3n. Se trata de la segunda parte de un conflicto que ya tuvo una primera convocatoria desde la tarde del pasado 17 de&nbsp;octubre a la ma\u00f1ana del 19. Sin embargo, en esta ocasi\u00f3n el paro tendr\u00e1 car\u00e1cter indefinido.<\/p>\n","protected":false},"excerpt":{"rendered":"<p>La mayor\u00eda de los sindicatos representados en la compa\u00f1\u00eda ferroviaria<a href=\"https:\/\/www.guitrans.eus\/eu\/2007\/11\/07\/los-sindicatos-ferroviarios-franceses-convocan-una-huelga-indefinida-a-partir-del-dia-13-2\/\" rel=\"nofollow\">Seguir leyendo&#8230;<\/a><\/p>\n","protected":false},"author":1,"featured_media":0,"comment_status":"open","ping_status":"open","sticky":false,"template":"","format":"standard","meta":{"footnotes":""},"categories":[1],"tags":[],"class_list":["post-197","post","type-post","status-publish","format-standard","hentry","category-sin-categorizar"],"_links":{"self":[{"href":"https:\/\/www.guitrans.eus\/eu\/wp-json\/wp\/v2\/posts\/197","targetHints":{"allow":["GET"]}}],"collection":[{"href":"https:\/\/www.guitrans.eus\/eu\/wp-json\/wp\/v2\/posts"}],"about":[{"href":"https:\/\/www.guitrans.eus\/eu\/wp-json\/wp\/v2\/types\/post"}],"author":[{"embeddable":true,"href":"https:\/\/www.guitrans.eus\/eu\/wp-json\/wp\/v2\/users\/1"}],"replies":[{"embeddable":true,"href":"https:\/\/www.guitrans.eus\/eu\/wp-json\/wp\/v2\/comments?post=197"}],"version-history":[{"count":0,"href":"https:\/\/www.guitrans.eus\/eu\/wp-json\/wp\/v2\/posts\/197\/revisions"}],"wp:attachment":[{"href":"https:\/\/www.guitrans.eus\/eu\/wp-json\/wp\/v2\/media?parent=197"}],"wp:term":[{"taxonomy":"category","embeddable":true,"href":"https:\/\/www.guitrans.eus\/eu\/wp-json\/wp\/v2\/categories?post=197"},{"taxonomy":"post_tag","embeddable":true,"href":"https:\/\/www.guitrans.eus\/eu\/wp-json\/wp\/v2\/tags?post=197"}],"curies":[{"name":"wp","href":"https:\/\/api.w.org\/{rel}","templated":true}]}}