{"id":198,"date":"2007-11-07T00:00:00","date_gmt":"2007-11-06T23:00:00","guid":{"rendered":"https:\/\/guitrans.eus\/wp\/index.php\/2007\/11\/07\/publicada-la-relacion-definitiva-de-aprobados-del-examen-de-capacitacion-profesional-2007-en-la-cav\/"},"modified":"2007-11-07T00:00:00","modified_gmt":"2007-11-06T23:00:00","slug":"publicada-la-relacion-definitiva-de-aprobados-del-examen-de-capacitacion-profesional-2007-en-la-cav","status":"publish","type":"post","link":"https:\/\/www.guitrans.eus\/eu\/2007\/11\/07\/publicada-la-relacion-definitiva-de-aprobados-del-examen-de-capacitacion-profesional-2007-en-la-cav\/","title":{"rendered":"Publicada la relaci\u00f3n definitiva de aprobados del examen de Capacitaci\u00f3n Profesional 2007 en la CAV"},"content":{"rendered":"<p>Con fecha 31 de octubre se ha publicado en la web del Gobierno Vasco las listas definitivas de aprobados de los ex\u00e1menes de transportistas dell 2007. Para acceder al listado definitivo de aprobados del examen de Mercanc\u00edas, pulsar aqu\u00ed.<\/p>\n","protected":false},"excerpt":{"rendered":"<p>Con fecha 31 de octubre se ha publicado en la<a href=\"https:\/\/www.guitrans.eus\/eu\/2007\/11\/07\/publicada-la-relacion-definitiva-de-aprobados-del-examen-de-capacitacion-profesional-2007-en-la-cav\/\" rel=\"nofollow\">Seguir leyendo&#8230;<\/a><\/p>\n","protected":false},"author":1,"featured_media":0,"comment_status":"open","ping_status":"open","sticky":false,"template":"","format":"standard","meta":{"footnotes":""},"categories":[85],"tags":[],"class_list":["post-198","post","type-post","status-publish","format-standard","hentry","category-sin-categorizar-2"],"_links":{"self":[{"href":"https:\/\/www.guitrans.eus\/eu\/wp-json\/wp\/v2\/posts\/198","targetHints":{"allow":["GET"]}}],"collection":[{"href":"https:\/\/www.guitrans.eus\/eu\/wp-json\/wp\/v2\/posts"}],"about":[{"href":"https:\/\/www.guitrans.eus\/eu\/wp-json\/wp\/v2\/types\/post"}],"author":[{"embeddable":true,"href":"https:\/\/www.guitrans.eus\/eu\/wp-json\/wp\/v2\/users\/1"}],"replies":[{"embeddable":true,"href":"https:\/\/www.guitrans.eus\/eu\/wp-json\/wp\/v2\/comments?post=198"}],"version-history":[{"count":0,"href":"https:\/\/www.guitrans.eus\/eu\/wp-json\/wp\/v2\/posts\/198\/revisions"}],"wp:attachment":[{"href":"https:\/\/www.guitrans.eus\/eu\/wp-json\/wp\/v2\/media?parent=198"}],"wp:term":[{"taxonomy":"category","embeddable":true,"href":"https:\/\/www.guitrans.eus\/eu\/wp-json\/wp\/v2\/categories?post=198"},{"taxonomy":"post_tag","embeddable":true,"href":"https:\/\/www.guitrans.eus\/eu\/wp-json\/wp\/v2\/tags?post=198"}],"curies":[{"name":"wp","href":"https:\/\/api.w.org\/{rel}","templated":true}]}}