{"id":2205,"date":"2011-03-11T00:00:00","date_gmt":"2011-03-10T23:00:00","guid":{"rendered":"https:\/\/guitrans.eus\/wp\/index.php\/2011\/03\/11\/postura-de-guitrans-ante-el-ultimo-comunicado-del-comite-nacional-de-transporte-por-carretera\/"},"modified":"2011-03-11T00:00:00","modified_gmt":"2011-03-10T23:00:00","slug":"postura-de-guitrans-ante-el-ultimo-comunicado-del-comite-nacional-de-transporte-por-carretera","status":"publish","type":"post","link":"https:\/\/www.guitrans.eus\/eu\/2011\/03\/11\/postura-de-guitrans-ante-el-ultimo-comunicado-del-comite-nacional-de-transporte-por-carretera\/","title":{"rendered":"Postura de GUITRANS ante el \u00faltimo comunicado del Comit\u00e9 Nacional de Transporte por Carretera"},"content":{"rendered":"<p>&#8220;El sector de transporte de mercanc\u00edas por carretera no puede aceptar m\u00e1s vaguedades y generalidades: es hora de tomar medidas concretas&#8221;. Comunicado \u00edntegro.<\/p>\n","protected":false},"excerpt":{"rendered":"<p>&#8220;El sector de transporte de mercanc\u00edas por carretera no puede<a href=\"https:\/\/www.guitrans.eus\/eu\/2011\/03\/11\/postura-de-guitrans-ante-el-ultimo-comunicado-del-comite-nacional-de-transporte-por-carretera\/\" rel=\"nofollow\">Seguir leyendo&#8230;<\/a><\/p>\n","protected":false},"author":1,"featured_media":0,"comment_status":"open","ping_status":"open","sticky":false,"template":"","format":"standard","meta":{"footnotes":""},"categories":[29],"tags":[],"class_list":["post-2205","post","type-post","status-publish","format-standard","hentry","category-prensa"],"_links":{"self":[{"href":"https:\/\/www.guitrans.eus\/eu\/wp-json\/wp\/v2\/posts\/2205","targetHints":{"allow":["GET"]}}],"collection":[{"href":"https:\/\/www.guitrans.eus\/eu\/wp-json\/wp\/v2\/posts"}],"about":[{"href":"https:\/\/www.guitrans.eus\/eu\/wp-json\/wp\/v2\/types\/post"}],"author":[{"embeddable":true,"href":"https:\/\/www.guitrans.eus\/eu\/wp-json\/wp\/v2\/users\/1"}],"replies":[{"embeddable":true,"href":"https:\/\/www.guitrans.eus\/eu\/wp-json\/wp\/v2\/comments?post=2205"}],"version-history":[{"count":0,"href":"https:\/\/www.guitrans.eus\/eu\/wp-json\/wp\/v2\/posts\/2205\/revisions"}],"wp:attachment":[{"href":"https:\/\/www.guitrans.eus\/eu\/wp-json\/wp\/v2\/media?parent=2205"}],"wp:term":[{"taxonomy":"category","embeddable":true,"href":"https:\/\/www.guitrans.eus\/eu\/wp-json\/wp\/v2\/categories?post=2205"},{"taxonomy":"post_tag","embeddable":true,"href":"https:\/\/www.guitrans.eus\/eu\/wp-json\/wp\/v2\/tags?post=2205"}],"curies":[{"name":"wp","href":"https:\/\/api.w.org\/{rel}","templated":true}]}}