{"id":2212,"date":"2019-06-04T00:00:00","date_gmt":"2019-06-03T22:00:00","guid":{"rendered":"https:\/\/guitrans.eus\/wp\/index.php\/2019\/06\/04\/nuevos-modelos-de-presentacion-de-las-cuentas-anuales-y-de-las-cuentas-anuales-consolidadas-2\/"},"modified":"2019-06-04T00:00:00","modified_gmt":"2019-06-03T22:00:00","slug":"nuevos-modelos-de-presentacion-de-las-cuentas-anuales-y-de-las-cuentas-anuales-consolidadas-2","status":"publish","type":"post","link":"https:\/\/www.guitrans.eus\/eu\/2019\/06\/04\/nuevos-modelos-de-presentacion-de-las-cuentas-anuales-y-de-las-cuentas-anuales-consolidadas-2\/","title":{"rendered":"Nuevos modelos de presentaci\u00f3n de las Cuentas Anuales y de las Cuentas Anuales Consolidadas"},"content":{"rendered":"<p>A lo largo del a\u00f1o 2018 no se han producido cambios normativos contables que afecten al modelo de dep\u00f3sito de cuentas anuales consolidada. No obstante, haciendo uso de la faculta que posee la Direcci\u00f3n General de los Registros y del Notariado para aprobar aquellas modificaciones que exija el modelo de presentaci\u00f3n de cuentas anuales en el Registro Mercantil, el Organimo ha considerado necesario incorporar una mejora informativa en la p\u00e1gina de presentaci\u00f3n en el Registro Mercantil, en el modelo de presentaci\u00f3n de cuentas y en su anexo t\u00e9cnico para el dep\u00f3sito digital, para delimitar la opci\u00f3n utilizada por el grupo consolidado en la elaboraci\u00f3n y presentaci\u00f3n del estado de informaci\u00f3n no financiera (bien como parte del informe de gesti\u00f3n, o como un estado separado); la subsanaci\u00f3n en el anexo I de la Orden JUS\/319\/2018, de 21 de marzo de dos erratas; y, por \u00faltimo, en el anexo III a la actualizaci\u00f3n de los test de errores relacionados con esa subsanaci\u00f3n.<br \/>\nDichos modelos est\u00e1n ya disponibles en formato PDF editable en este enlace de la p\u00e1gina web del Ministerio de Justicia. Asimismo, en dicha web est\u00e1n disponibles en formato biling\u00fce con las lenguas cooficiales propias de las Comunidades Aut\u00f3nomas.<\/p>\n","protected":false},"excerpt":{"rendered":"<p>En el BOE del pasado 24 de mayo se publicaron dos Resoluciones de la Direcci\u00f3n General de los Registros y del Notariado, por la que se aprueba el nuevo modelo para la presentaci\u00f3n en el Registro Mercantil de las cuentas anuales consolidadas de los sujetos obligados a su publicaci\u00f3n y se modifican los Anexos I, II y III de la Orden JUS\/319\/2018, de 21 de marzo.<\/p>\n","protected":false},"author":1,"featured_media":0,"comment_status":"open","ping_status":"open","sticky":false,"template":"","format":"standard","meta":{"footnotes":""},"categories":[88],"tags":[],"class_list":["post-2212","post","type-post","status-publish","format-standard","hentry","category-araudia"],"_links":{"self":[{"href":"https:\/\/www.guitrans.eus\/eu\/wp-json\/wp\/v2\/posts\/2212","targetHints":{"allow":["GET"]}}],"collection":[{"href":"https:\/\/www.guitrans.eus\/eu\/wp-json\/wp\/v2\/posts"}],"about":[{"href":"https:\/\/www.guitrans.eus\/eu\/wp-json\/wp\/v2\/types\/post"}],"author":[{"embeddable":true,"href":"https:\/\/www.guitrans.eus\/eu\/wp-json\/wp\/v2\/users\/1"}],"replies":[{"embeddable":true,"href":"https:\/\/www.guitrans.eus\/eu\/wp-json\/wp\/v2\/comments?post=2212"}],"version-history":[{"count":0,"href":"https:\/\/www.guitrans.eus\/eu\/wp-json\/wp\/v2\/posts\/2212\/revisions"}],"wp:attachment":[{"href":"https:\/\/www.guitrans.eus\/eu\/wp-json\/wp\/v2\/media?parent=2212"}],"wp:term":[{"taxonomy":"category","embeddable":true,"href":"https:\/\/www.guitrans.eus\/eu\/wp-json\/wp\/v2\/categories?post=2212"},{"taxonomy":"post_tag","embeddable":true,"href":"https:\/\/www.guitrans.eus\/eu\/wp-json\/wp\/v2\/tags?post=2212"}],"curies":[{"name":"wp","href":"https:\/\/api.w.org\/{rel}","templated":true}]}}