{"id":2374,"date":"2011-07-11T00:00:00","date_gmt":"2011-07-10T22:00:00","guid":{"rendered":"https:\/\/guitrans.eus\/wp\/index.php\/2011\/07\/11\/distintivo-v-23-obligatorio-para-los-vehiculos-matriculados-a-partir-del-10-de-julio-de-2011\/"},"modified":"2011-07-11T00:00:00","modified_gmt":"2011-07-10T22:00:00","slug":"distintivo-v-23-obligatorio-para-los-vehiculos-matriculados-a-partir-del-10-de-julio-de-2011","status":"publish","type":"post","link":"https:\/\/www.guitrans.eus\/eu\/2011\/07\/11\/distintivo-v-23-obligatorio-para-los-vehiculos-matriculados-a-partir-del-10-de-julio-de-2011\/","title":{"rendered":"Distintivo V-23, obligatorio para los veh\u00edculos matriculados a partir del 10 de julio de 2011"},"content":{"rendered":"<p>Este distintivo, regulado en la Orden PRE\/58\/2010, de 21 de enero (BOE, 23\/01\/2010), consiste en una franja (banda) o una serie de franjas retroflectantes colocadas de manera tal que identifiquen el contorno o, en su defecto, la longitud y anchura total de un veh\u00edculo de motor o conjunto de veh\u00edculo o sus cargas cuando sea visto desde un lado o desde atr\u00e1s. La se\u00f1al V-23 ser\u00e1 obligatoria, tal y como se recoge en la Instrucci\u00f3n 11\/V-90 de la Direcci\u00f3n General de Tr\u00e1fico, siempre que el veh\u00edculo tenga m\u00e1s de 6 metros de longitud y 2,1 metros de ancho en las siguientes categor\u00edas:a) Veh\u00edculos de motor con al menos cuatro ruedas, dedicados al transporte de<br \/>\nmercanc\u00edas, cuya masa m\u00e1xima sea superior a 7,5 toneladas (con excepci\u00f3n de<br \/>\n2<br \/>\nlos chasis cabinas, veh\u00edculos incompletos y cabezas tractoras para<br \/>\nsemirremolques).b) Remolques y semirremolques cuya masa m\u00e1xima es superior a 3,5 toneladas.Para los veh\u00edculos de estas categor\u00edas<br \/>\nmatriculados con anterioridad al 10 de julio de 2011, el distintivo es voluntario. La anchura de las franjas ser\u00e1 de 50 mm +10\/-0 mm.<br \/>\nEl color del distintivo ser\u00e1 el siguiente:a) Parte lateral del veh\u00edculo: blanco o amarillo.b) Parte trasera del veh\u00edculo: rojo o amarillo.Folleto informativo DGT.<\/p>\n","protected":false},"excerpt":{"rendered":"<p>Este distintivo, regulado en la Orden PRE\/58\/2010, de 21 de<a href=\"https:\/\/www.guitrans.eus\/eu\/2011\/07\/11\/distintivo-v-23-obligatorio-para-los-vehiculos-matriculados-a-partir-del-10-de-julio-de-2011\/\" rel=\"nofollow\">Seguir leyendo&#8230;<\/a><\/p>\n","protected":false},"author":1,"featured_media":0,"comment_status":"open","ping_status":"open","sticky":false,"template":"","format":"standard","meta":{"footnotes":""},"categories":[88],"tags":[],"class_list":["post-2374","post","type-post","status-publish","format-standard","hentry","category-araudia"],"_links":{"self":[{"href":"https:\/\/www.guitrans.eus\/eu\/wp-json\/wp\/v2\/posts\/2374","targetHints":{"allow":["GET"]}}],"collection":[{"href":"https:\/\/www.guitrans.eus\/eu\/wp-json\/wp\/v2\/posts"}],"about":[{"href":"https:\/\/www.guitrans.eus\/eu\/wp-json\/wp\/v2\/types\/post"}],"author":[{"embeddable":true,"href":"https:\/\/www.guitrans.eus\/eu\/wp-json\/wp\/v2\/users\/1"}],"replies":[{"embeddable":true,"href":"https:\/\/www.guitrans.eus\/eu\/wp-json\/wp\/v2\/comments?post=2374"}],"version-history":[{"count":0,"href":"https:\/\/www.guitrans.eus\/eu\/wp-json\/wp\/v2\/posts\/2374\/revisions"}],"wp:attachment":[{"href":"https:\/\/www.guitrans.eus\/eu\/wp-json\/wp\/v2\/media?parent=2374"}],"wp:term":[{"taxonomy":"category","embeddable":true,"href":"https:\/\/www.guitrans.eus\/eu\/wp-json\/wp\/v2\/categories?post=2374"},{"taxonomy":"post_tag","embeddable":true,"href":"https:\/\/www.guitrans.eus\/eu\/wp-json\/wp\/v2\/tags?post=2374"}],"curies":[{"name":"wp","href":"https:\/\/api.w.org\/{rel}","templated":true}]}}