{"id":2395,"date":"2011-06-15T00:00:00","date_gmt":"2011-06-14T22:00:00","guid":{"rendered":"https:\/\/guitrans.eus\/wp\/index.php\/2011\/06\/15\/lanbide-abre-el-proximo-lunes-dia-20-su-nueva-convocatoria-de-cursos-de-formacion\/"},"modified":"2011-06-15T00:00:00","modified_gmt":"2011-06-14T22:00:00","slug":"lanbide-abre-el-proximo-lunes-dia-20-su-nueva-convocatoria-de-cursos-de-formacion","status":"publish","type":"post","link":"https:\/\/www.guitrans.eus\/eu\/2011\/06\/15\/lanbide-abre-el-proximo-lunes-dia-20-su-nueva-convocatoria-de-cursos-de-formacion\/","title":{"rendered":"Lanbide abre el pr\u00f3ximo lunes d\u00eda 20 su nueva convocatoria de cursos de formaci\u00f3n"},"content":{"rendered":"<p>Para esta segunda convocatoria del a\u00f1o, Lanbide ha ampliado su oferta hasta 639 cursos sobre los 442 previstos en un inicio. De esta manera, habr\u00e1 un total de 9.963 plazas, que suponen un incremento de 3.313 puestos sobre el programa inicial, dirigidas de manera prioritaria a mejorar la formaci\u00f3n de los demandantes de empleo vascos. La diferencia de las anteriores convocatorias, esta promoci\u00f3n tutelada por el servicio vasco de empleo brinda la oportunidad de obtener los nuevos certificados de profesionalidad. Este documento, que posee car\u00e1cter oficial y vigencia en toda Espa\u00f1a, valida una ocupaci\u00f3n laboral concreta.<br \/>\nM\u00e1s informaci\u00f3n: www.lanbide.net, 901 222 901 \u00f3 945 160 600. Horario de atenci\u00f3n: De lunes a viernes de 9 a 21 horas.<\/p>\n","protected":false},"excerpt":{"rendered":"<p>Para esta segunda convocatoria del a\u00f1o, Lanbide ha ampliado su<a href=\"https:\/\/www.guitrans.eus\/eu\/2011\/06\/15\/lanbide-abre-el-proximo-lunes-dia-20-su-nueva-convocatoria-de-cursos-de-formacion\/\" rel=\"nofollow\">Seguir leyendo&#8230;<\/a><\/p>\n","protected":false},"author":1,"featured_media":0,"comment_status":"open","ping_status":"open","sticky":false,"template":"","format":"standard","meta":{"footnotes":""},"categories":[23],"tags":[],"class_list":["post-2395","post","type-post","status-publish","format-standard","hentry","category-laboral"],"_links":{"self":[{"href":"https:\/\/www.guitrans.eus\/eu\/wp-json\/wp\/v2\/posts\/2395","targetHints":{"allow":["GET"]}}],"collection":[{"href":"https:\/\/www.guitrans.eus\/eu\/wp-json\/wp\/v2\/posts"}],"about":[{"href":"https:\/\/www.guitrans.eus\/eu\/wp-json\/wp\/v2\/types\/post"}],"author":[{"embeddable":true,"href":"https:\/\/www.guitrans.eus\/eu\/wp-json\/wp\/v2\/users\/1"}],"replies":[{"embeddable":true,"href":"https:\/\/www.guitrans.eus\/eu\/wp-json\/wp\/v2\/comments?post=2395"}],"version-history":[{"count":0,"href":"https:\/\/www.guitrans.eus\/eu\/wp-json\/wp\/v2\/posts\/2395\/revisions"}],"wp:attachment":[{"href":"https:\/\/www.guitrans.eus\/eu\/wp-json\/wp\/v2\/media?parent=2395"}],"wp:term":[{"taxonomy":"category","embeddable":true,"href":"https:\/\/www.guitrans.eus\/eu\/wp-json\/wp\/v2\/categories?post=2395"},{"taxonomy":"post_tag","embeddable":true,"href":"https:\/\/www.guitrans.eus\/eu\/wp-json\/wp\/v2\/tags?post=2395"}],"curies":[{"name":"wp","href":"https:\/\/api.w.org\/{rel}","templated":true}]}}