{"id":2441,"date":"2011-07-13T00:00:00","date_gmt":"2011-07-12T22:00:00","guid":{"rendered":"https:\/\/guitrans.eus\/wp\/index.php\/2011\/07\/13\/reunion-de-la-mesa-de-evaluacion-de-los-acuerdos-firmados-entre-cargadores-y-transportistas\/"},"modified":"2011-07-13T00:00:00","modified_gmt":"2011-07-12T22:00:00","slug":"reunion-de-la-mesa-de-evaluacion-de-los-acuerdos-firmados-entre-cargadores-y-transportistas","status":"publish","type":"post","link":"https:\/\/www.guitrans.eus\/eu\/2011\/07\/13\/reunion-de-la-mesa-de-evaluacion-de-los-acuerdos-firmados-entre-cargadores-y-transportistas\/","title":{"rendered":"Reuni\u00f3n de la mesa de evaluaci\u00f3n de los acuerdos firmados entre cargadores y transportistas"},"content":{"rendered":"<p>Seg\u00fan informa CETM, en este encuentro, coordinado por el Ministerio de Fomento representado por el director general de Transporte Terrestre, Manel Villalante, se alcanzaron los siguientes acuerdos:1 &#8211; Crear una mesa de trabajo compuesta por representantes del CNTC y de las organizaciones de cargadores que desarrollar\u00e1 los cambios legislativos recogidos en los Acuerdos, que ser\u00e1n elevados al Ministerio de Fomento. Esta mesa, cuya funci\u00f3n es considerada como prioritaria, se reunir\u00e1 por primera vez el pr\u00f3ximo 26 de julio.2 &#8211; Constituir una comisi\u00f3n mixta transportistas-cargadores que con el apoyo t\u00e9cnico del Ministerio de Fomento elaborar\u00e1 un estudio estad\u00edstico de las actuales condiciones de contrataci\u00f3n, prestando especial atenci\u00f3n a los precios, los plazos de pago, inclusi\u00f3n de cl\u00e1usulas de revisi\u00f3n del precio del gas\u00f3leo, as\u00ed como la evoluci\u00f3n de estos par\u00e1metros. 3 &#8211; Conformar un grupo de trabajo constituido por las secciones de mercanc\u00edas y viajeros del CNTC, Ministerio de Fomento y Direcci\u00f3n General de Tributos para definir una posici\u00f3n sobre la tarificaci\u00f3n energ\u00e9tica: gas\u00f3leo profesional, impuesto especial de hidrocarburos e impuesto sobre ventas minoristas. La primera reuni\u00f3n de este grupo de trabajo se celebrar\u00e1 la primera quincena de septiembre.Finalmente, el pr\u00f3ximo 25 de octubre tendr\u00e1 lugar una nueva reuni\u00f3n de todos los agentes implicados, en la que se presentar\u00e1n y valorar\u00e1n las conclusiones obtenidas en los diferentes grupos de trabajos.<\/p>\n","protected":false},"excerpt":{"rendered":"<p>Ayer 14 de julio tuvo lugar la reuni\u00f3n de seguimiento de los Acuerdos alcanzados el pasado 19 de abril entre el Comit\u00e9 Nacional del Transporte por Carretera (CNTC) y las principales organizaciones de cargadores: Aecoc, Aeutransmer y Transprime.<\/p>\n","protected":false},"author":1,"featured_media":0,"comment_status":"open","ping_status":"open","sticky":false,"template":"","format":"standard","meta":{"footnotes":""},"categories":[89],"tags":[],"class_list":["post-2441","post","type-post","status-publish","format-standard","hentry","category-nor-gara-gu"],"_links":{"self":[{"href":"https:\/\/www.guitrans.eus\/eu\/wp-json\/wp\/v2\/posts\/2441","targetHints":{"allow":["GET"]}}],"collection":[{"href":"https:\/\/www.guitrans.eus\/eu\/wp-json\/wp\/v2\/posts"}],"about":[{"href":"https:\/\/www.guitrans.eus\/eu\/wp-json\/wp\/v2\/types\/post"}],"author":[{"embeddable":true,"href":"https:\/\/www.guitrans.eus\/eu\/wp-json\/wp\/v2\/users\/1"}],"replies":[{"embeddable":true,"href":"https:\/\/www.guitrans.eus\/eu\/wp-json\/wp\/v2\/comments?post=2441"}],"version-history":[{"count":0,"href":"https:\/\/www.guitrans.eus\/eu\/wp-json\/wp\/v2\/posts\/2441\/revisions"}],"wp:attachment":[{"href":"https:\/\/www.guitrans.eus\/eu\/wp-json\/wp\/v2\/media?parent=2441"}],"wp:term":[{"taxonomy":"category","embeddable":true,"href":"https:\/\/www.guitrans.eus\/eu\/wp-json\/wp\/v2\/categories?post=2441"},{"taxonomy":"post_tag","embeddable":true,"href":"https:\/\/www.guitrans.eus\/eu\/wp-json\/wp\/v2\/tags?post=2441"}],"curies":[{"name":"wp","href":"https:\/\/api.w.org\/{rel}","templated":true}]}}