{"id":2471,"date":"2011-08-03T00:00:00","date_gmt":"2011-08-02T22:00:00","guid":{"rendered":"https:\/\/guitrans.eus\/wp\/index.php\/2011\/08\/03\/publicada-la-ley-que-actualiza-el-sistema-de-seguridad-con-la-reforma-de-las-pensiones\/"},"modified":"2011-08-03T00:00:00","modified_gmt":"2011-08-02T22:00:00","slug":"publicada-la-ley-que-actualiza-el-sistema-de-seguridad-con-la-reforma-de-las-pensiones","status":"publish","type":"post","link":"https:\/\/www.guitrans.eus\/eu\/2011\/08\/03\/publicada-la-ley-que-actualiza-el-sistema-de-seguridad-con-la-reforma-de-las-pensiones\/","title":{"rendered":"Publicada la Ley que actualiza el sistema de Seguridad con la reforma de las pensiones"},"content":{"rendered":"<p>El pasado 2 de agosto, se public\u00f3 en el BOE la Ley 27\/2011 que adapta&nbsp; el sistema de Seguridad Social a la reforma de pensiones aprobada. La Ley se estructura en 9 art\u00edculos, 52 disposiciones adicionales, una disposici\u00f3n transitoria \u00fanica, una disposici\u00f3n derogatoria \u00fanica y doce disposiciones finales.La Ley entrar\u00e1 en vigor el 1 de enero de 2013, salvo:<\/p>\n<p>  las disposiciones adicionales: 1, 2, 3, 7, 14, 15, 16, 17, 22,<br \/>\n23, 25, 30, 31, 32, 33, 35, 36, 37, 39, 42 y 45, as\u00ed como disposiciones<br \/>\nfinales 2, 3, 5, 6 y apartados 1, 2, 3, 4 y 5 de disposici\u00f3n final 7\u00aa<br \/>\nque entran en vigor el 2\/08\/2011.<br \/>\n  Las disposiciones adicinales 18 y 40 entran en vigor el 01\/01\/2012.<br \/>\n  El apartado 3 del art\u00edculo 3 entra en vigor el 01\/01\/2014.<br \/>\nEn la norma se prev\u00e9n los 67 a\u00f1os como edad de acceso a a la<br \/>\njubilaci\u00f3n,&nbsp; al tiempo que se mantiene la edad de jubilaci\u00f3n a los 65<br \/>\npara quienes hayan cotizado 38 a\u00f1os y 6 meses. El Gobierno presentar\u00e1, en el plazo de un a\u00f1o, un estudio relativo a un sistema espec\u00edfico de jubilaci\u00f3n parcial a los 62 a\u00f1os, a favor de aut\u00f3nomos que cesen en su negocio o lo traspasen a otra persona a la que deben formar. Ver en m\u00e1s informaci\u00f3n el<br \/>\n calendario gradual de aplicaci\u00f3n.Aplicaci\u00f3n paulatina del c\u00e1lculo de la base reguladora, de los periodos cotizados y de la edad de jubilaci\u00f3n<\/p>\n","protected":false},"excerpt":{"rendered":"<p>El pasado 2 de agosto, se public\u00f3 en el BOE<a href=\"https:\/\/www.guitrans.eus\/eu\/2011\/08\/03\/publicada-la-ley-que-actualiza-el-sistema-de-seguridad-con-la-reforma-de-las-pensiones\/\" rel=\"nofollow\">Seguir leyendo&#8230;<\/a><\/p>\n","protected":false},"author":1,"featured_media":0,"comment_status":"open","ping_status":"open","sticky":false,"template":"","format":"standard","meta":{"footnotes":""},"categories":[26],"tags":[],"class_list":["post-2471","post","type-post","status-publish","format-standard","hentry","category-normativa"],"_links":{"self":[{"href":"https:\/\/www.guitrans.eus\/eu\/wp-json\/wp\/v2\/posts\/2471","targetHints":{"allow":["GET"]}}],"collection":[{"href":"https:\/\/www.guitrans.eus\/eu\/wp-json\/wp\/v2\/posts"}],"about":[{"href":"https:\/\/www.guitrans.eus\/eu\/wp-json\/wp\/v2\/types\/post"}],"author":[{"embeddable":true,"href":"https:\/\/www.guitrans.eus\/eu\/wp-json\/wp\/v2\/users\/1"}],"replies":[{"embeddable":true,"href":"https:\/\/www.guitrans.eus\/eu\/wp-json\/wp\/v2\/comments?post=2471"}],"version-history":[{"count":0,"href":"https:\/\/www.guitrans.eus\/eu\/wp-json\/wp\/v2\/posts\/2471\/revisions"}],"wp:attachment":[{"href":"https:\/\/www.guitrans.eus\/eu\/wp-json\/wp\/v2\/media?parent=2471"}],"wp:term":[{"taxonomy":"category","embeddable":true,"href":"https:\/\/www.guitrans.eus\/eu\/wp-json\/wp\/v2\/categories?post=2471"},{"taxonomy":"post_tag","embeddable":true,"href":"https:\/\/www.guitrans.eus\/eu\/wp-json\/wp\/v2\/tags?post=2471"}],"curies":[{"name":"wp","href":"https:\/\/api.w.org\/{rel}","templated":true}]}}