{"id":25,"date":"2007-05-16T00:00:00","date_gmt":"2007-05-15T22:00:00","guid":{"rendered":"https:\/\/guitrans.eus\/wp\/index.php\/2007\/05\/16\/restricciones-en-francia-hoy-y-manana-con-motivo-de-la-festividad-de-la-ascension\/"},"modified":"2007-05-16T00:00:00","modified_gmt":"2007-05-15T22:00:00","slug":"restricciones-en-francia-hoy-y-manana-con-motivo-de-la-festividad-de-la-ascension","status":"publish","type":"post","link":"https:\/\/www.guitrans.eus\/eu\/2007\/05\/16\/restricciones-en-francia-hoy-y-manana-con-motivo-de-la-festividad-de-la-ascension\/","title":{"rendered":"Restricciones en Francia hoy y ma\u00f1ana con motivo de la festividad de la Ascensi\u00f3n"},"content":{"rendered":"<p>16 de mayo: <\/p>\n<p>    de 22:00 a 24:00 horas para veh\u00edculos de m\u00e1s de 7,5 Tn de PMA que transporten mercanc\u00eda general y peligrosa en toda la red de carreteras francesas.<br \/>\n    de 16:00 a 24:00 horas para veh\u00edculos de m\u00e1s de 7,5 Tn de PMA que transporten mercanc\u00eda general&nbsp;y peligrosa en la Red espec\u00edfica de Ile de France (cintur\u00f3n de Par\u00eds), sentido Par\u00eds-Province.<br \/>\n    de 22:00&nbsp;a 24:00 para veh\u00edculos de m\u00e1s de 7,5 Tn de PMA que transporten mercanc\u00eda general y peligrosa en la Red espec\u00edfica de Ile de France (cintur\u00f3n de Par\u00eds), sentido Province-Paris. <\/p>\n<p>    17 de mayo:<\/p>\n<p>      de 00:00 a 22:00 horas para veh\u00edculos de m\u00e1s de 7,5 Tn de PMA que transporten mercanc\u00eda general y peligrosa en toda la red de carreteras francesas.<br \/>\n      de 00:00 a 24:00 horas para veh\u00edculos de m\u00e1s de 7,5 Tn de PMA que transporten mercanc\u00eda general y peligrosa en la Red espec\u00edfica de Ile de France (cintur\u00f3n de Par\u00eds), sentido Par\u00eds Province y sentido Province-Par\u00eds.<\/p>\n","protected":false},"excerpt":{"rendered":"<p>16 de mayo: de 22:00 a 24:00 horas para veh\u00edculos<a href=\"https:\/\/www.guitrans.eus\/eu\/2007\/05\/16\/restricciones-en-francia-hoy-y-manana-con-motivo-de-la-festividad-de-la-ascension\/\" rel=\"nofollow\">Seguir leyendo&#8230;<\/a><\/p>\n","protected":false},"author":1,"featured_media":0,"comment_status":"open","ping_status":"open","sticky":false,"template":"","format":"standard","meta":{"footnotes":""},"categories":[85],"tags":[],"class_list":["post-25","post","type-post","status-publish","format-standard","hentry","category-sin-categorizar-2"],"_links":{"self":[{"href":"https:\/\/www.guitrans.eus\/eu\/wp-json\/wp\/v2\/posts\/25","targetHints":{"allow":["GET"]}}],"collection":[{"href":"https:\/\/www.guitrans.eus\/eu\/wp-json\/wp\/v2\/posts"}],"about":[{"href":"https:\/\/www.guitrans.eus\/eu\/wp-json\/wp\/v2\/types\/post"}],"author":[{"embeddable":true,"href":"https:\/\/www.guitrans.eus\/eu\/wp-json\/wp\/v2\/users\/1"}],"replies":[{"embeddable":true,"href":"https:\/\/www.guitrans.eus\/eu\/wp-json\/wp\/v2\/comments?post=25"}],"version-history":[{"count":0,"href":"https:\/\/www.guitrans.eus\/eu\/wp-json\/wp\/v2\/posts\/25\/revisions"}],"wp:attachment":[{"href":"https:\/\/www.guitrans.eus\/eu\/wp-json\/wp\/v2\/media?parent=25"}],"wp:term":[{"taxonomy":"category","embeddable":true,"href":"https:\/\/www.guitrans.eus\/eu\/wp-json\/wp\/v2\/categories?post=25"},{"taxonomy":"post_tag","embeddable":true,"href":"https:\/\/www.guitrans.eus\/eu\/wp-json\/wp\/v2\/tags?post=25"}],"curies":[{"name":"wp","href":"https:\/\/api.w.org\/{rel}","templated":true}]}}