{"id":2514,"date":"2011-09-14T00:00:00","date_gmt":"2011-09-13T22:00:00","guid":{"rendered":"https:\/\/guitrans.eus\/wp\/index.php\/2011\/09\/14\/el-carril-reversible-de-retorno-de-la-a-8-iniciara-sus-pruebas-el-proximo-dia-25\/"},"modified":"2011-09-14T00:00:00","modified_gmt":"2011-09-13T22:00:00","slug":"el-carril-reversible-de-retorno-de-la-a-8-iniciara-sus-pruebas-el-proximo-dia-25","status":"publish","type":"post","link":"https:\/\/www.guitrans.eus\/eu\/2011\/09\/14\/el-carril-reversible-de-retorno-de-la-a-8-iniciara-sus-pruebas-el-proximo-dia-25\/","title":{"rendered":"El carril reversible de retorno de la A-8 iniciar\u00e1 sus pruebas el pr\u00f3ximo d\u00eda 25"},"content":{"rendered":"<p>El siguiente fin de semana se volver\u00e1 a repetir la experiencia, el viernes 30 de septiembre y el domingo 2 de octubre, y, aunque estaba previsto s\u00f3lo en septiembre, tambi\u00e9n se aplicar\u00e1 con ocasi\u00f3n del puente de Todos los Santos, siempre sujeto a las condiciones meteorol\u00f3gicas.<\/p>\n","protected":false},"excerpt":{"rendered":"<p>El carril de retorno de la A-8 comenzar\u00e1 sus primeros ensayos el domingo 25 de septiembre seg\u00fan han acordado los responsables de tr\u00e1fico de Euskadi y Cantabria. El carril provisional desembocar\u00e1 en la nueva Variante Sur Metropolitana, por lo que los conductores que lo utilicen deber\u00e1n abonar el correspondiente peaje, lo cual ser\u00e1 advertido al inicio del tramo. Durante el periodo de pruebas, los veh\u00edculos que utilicen el carril reversible deber\u00e1n incorporarse obligatoriamente a la VSM, una v\u00eda de peaje, y abonar la correspondiente tarifa de 55 c\u00e9ntimos fijada para los domingos en el caso de los turismos. Esta circunstancia ser\u00e1 debidamente anunciada mediante se\u00f1alizaci\u00f3n a la entrada del tramo, en Cantabria.<\/p>\n","protected":false},"author":1,"featured_media":0,"comment_status":"open","ping_status":"open","sticky":false,"template":"","format":"standard","meta":{"footnotes":""},"categories":[81],"tags":[],"class_list":["post-2514","post","type-post","status-publish","format-standard","hentry","category-trafico-seguridad-vial-eu"],"_links":{"self":[{"href":"https:\/\/www.guitrans.eus\/eu\/wp-json\/wp\/v2\/posts\/2514","targetHints":{"allow":["GET"]}}],"collection":[{"href":"https:\/\/www.guitrans.eus\/eu\/wp-json\/wp\/v2\/posts"}],"about":[{"href":"https:\/\/www.guitrans.eus\/eu\/wp-json\/wp\/v2\/types\/post"}],"author":[{"embeddable":true,"href":"https:\/\/www.guitrans.eus\/eu\/wp-json\/wp\/v2\/users\/1"}],"replies":[{"embeddable":true,"href":"https:\/\/www.guitrans.eus\/eu\/wp-json\/wp\/v2\/comments?post=2514"}],"version-history":[{"count":0,"href":"https:\/\/www.guitrans.eus\/eu\/wp-json\/wp\/v2\/posts\/2514\/revisions"}],"wp:attachment":[{"href":"https:\/\/www.guitrans.eus\/eu\/wp-json\/wp\/v2\/media?parent=2514"}],"wp:term":[{"taxonomy":"category","embeddable":true,"href":"https:\/\/www.guitrans.eus\/eu\/wp-json\/wp\/v2\/categories?post=2514"},{"taxonomy":"post_tag","embeddable":true,"href":"https:\/\/www.guitrans.eus\/eu\/wp-json\/wp\/v2\/tags?post=2514"}],"curies":[{"name":"wp","href":"https:\/\/api.w.org\/{rel}","templated":true}]}}