{"id":2568,"date":"2011-10-27T00:00:00","date_gmt":"2011-10-26T22:00:00","guid":{"rendered":"https:\/\/guitrans.eus\/wp\/index.php\/2011\/10\/27\/reforma-de-las-pensiones-las-empresas-y-los-becarios-deberan-cotizar-a-partir-del-1-de-noviembre\/"},"modified":"2011-10-27T00:00:00","modified_gmt":"2011-10-26T22:00:00","slug":"reforma-de-las-pensiones-las-empresas-y-los-becarios-deberan-cotizar-a-partir-del-1-de-noviembre","status":"publish","type":"post","link":"https:\/\/www.guitrans.eus\/eu\/2011\/10\/27\/reforma-de-las-pensiones-las-empresas-y-los-becarios-deberan-cotizar-a-partir-del-1-de-noviembre\/","title":{"rendered":"Reforma de las pensiones: Las empresas y los becarios deber\u00e1n cotizar a partir del 1 de noviembre"},"content":{"rendered":"<p>En el BOE de 27 de octubre se public\u00f3 el Real Decreto 1493\/2011 por el que se incluye en la Seguridad Social a los becarios con formaci\u00f3n universitaria que realicen pr\u00e1cticas en empresas y entidades y que reciban cualquier tipo de contraprestaci\u00f3n econ\u00f3mica. A partir del 1 de noviembre, las entidades que contraten a este tipo de trabajadores deber\u00e1n abonar 38 euros mensuales por su cotizaci\u00f3n mientras que el empleados abonar\u00e1 dos.<\/p>\n<p>Todos aquellos que en el pasado realizaron este tipo de pr\u00e1cticas podr\u00e1n suscribir un convenio con la Seguridad Social para que se les computen estos periodos.<\/p>\n<p>El m\u00e1ximo computable ser\u00e1 de dos a\u00f1os, si bien las cotizaciones podr\u00e1n abonarlas en el doble del periodo que soliciten su reconocimiento. Por ejemplo, en este supuesto concreto, las personas tendr\u00e1n que abonar en cuatro a\u00f1os unos 1.800 euros en su conjunto, que corresponden a una cotizaci\u00f3n media de 75 euros mensuales.<\/p>\n<p>Por tanto el pago medio efectivo ser\u00e1 de unos 33 euros al mes. Esta actualizaci\u00f3n, que s\u00f3lo podr\u00e1 realizarse hasta el 31 de diciembre de 2012, interesa a quienes habiendo trabajado hace a\u00f1os necesiten periodos cotizados para alcanzar los 37 a\u00f1os que la nueva reforma de la Seguridad Social establece como periodo m\u00ednimo para obtener el 100% de la pensi\u00f3n en el momento de la jubilaci\u00f3n.<\/p>\n","protected":false},"excerpt":{"rendered":"<p>En el BOE de 27 de octubre se public\u00f3 el<a href=\"https:\/\/www.guitrans.eus\/eu\/2011\/10\/27\/reforma-de-las-pensiones-las-empresas-y-los-becarios-deberan-cotizar-a-partir-del-1-de-noviembre\/\" rel=\"nofollow\">Seguir leyendo&#8230;<\/a><\/p>\n","protected":false},"author":1,"featured_media":0,"comment_status":"open","ping_status":"open","sticky":false,"template":"","format":"standard","meta":{"footnotes":""},"categories":[88],"tags":[],"class_list":["post-2568","post","type-post","status-publish","format-standard","hentry","category-araudia"],"_links":{"self":[{"href":"https:\/\/www.guitrans.eus\/eu\/wp-json\/wp\/v2\/posts\/2568","targetHints":{"allow":["GET"]}}],"collection":[{"href":"https:\/\/www.guitrans.eus\/eu\/wp-json\/wp\/v2\/posts"}],"about":[{"href":"https:\/\/www.guitrans.eus\/eu\/wp-json\/wp\/v2\/types\/post"}],"author":[{"embeddable":true,"href":"https:\/\/www.guitrans.eus\/eu\/wp-json\/wp\/v2\/users\/1"}],"replies":[{"embeddable":true,"href":"https:\/\/www.guitrans.eus\/eu\/wp-json\/wp\/v2\/comments?post=2568"}],"version-history":[{"count":0,"href":"https:\/\/www.guitrans.eus\/eu\/wp-json\/wp\/v2\/posts\/2568\/revisions"}],"wp:attachment":[{"href":"https:\/\/www.guitrans.eus\/eu\/wp-json\/wp\/v2\/media?parent=2568"}],"wp:term":[{"taxonomy":"category","embeddable":true,"href":"https:\/\/www.guitrans.eus\/eu\/wp-json\/wp\/v2\/categories?post=2568"},{"taxonomy":"post_tag","embeddable":true,"href":"https:\/\/www.guitrans.eus\/eu\/wp-json\/wp\/v2\/tags?post=2568"}],"curies":[{"name":"wp","href":"https:\/\/api.w.org\/{rel}","templated":true}]}}