{"id":262,"date":"2007-12-19T00:00:00","date_gmt":"2007-12-18T23:00:00","guid":{"rendered":"https:\/\/guitrans.eus\/wp\/index.php\/2007\/12\/19\/anulada-la-cuantia-de-los-peajes-de-la-a-8-y-de-la-ap-1-en-el-tramo-guipuzcoano-al-considerar-injustificado-el-redondeo-al-alza-aplicado\/"},"modified":"2007-12-19T00:00:00","modified_gmt":"2007-12-18T23:00:00","slug":"anulada-la-cuantia-de-los-peajes-de-la-a-8-y-de-la-ap-1-en-el-tramo-guipuzcoano-al-considerar-injustificado-el-redondeo-al-alza-aplicado","status":"publish","type":"post","link":"https:\/\/www.guitrans.eus\/eu\/2007\/12\/19\/anulada-la-cuantia-de-los-peajes-de-la-a-8-y-de-la-ap-1-en-el-tramo-guipuzcoano-al-considerar-injustificado-el-redondeo-al-alza-aplicado\/","title":{"rendered":"Anulada la cuant\u00eda de los peajes de la A-8 y de la AP-1 en el tramo guipuzcoano al considerar injustificado el redondeo al alza aplicado"},"content":{"rendered":"<p>La Diputaci\u00f3n de Gipuzkoa\u00a1 aprob\u00f3 el decreto impugnado por la AEA en diciembre de 2006 y estableci\u00f3 en su pre\u00e1mbulo que, al actualizar el peaje conforme a la norma foral, se aplicar\u00eda un redondeo al alza &#8220;a 0 o a 5 del segundo decimal&#8221; para &#8220;facilitar la gesti\u00f3n del cobro del canon en met\u00e1lico&#8221;. El TSJPV considera que el ente foral &#8220;revaloriza tarifas y se sustrae a la mec\u00e1nica prevista por la normativa foral&#8221;, que fijaba una actualizaci\u00f3n autom\u00e1tica del 95% de la variaci\u00f3n interanual del IPC. <\/p>\n<p>    La Administraci\u00f3n, seg\u00fan los magistrados, &#8220;no est\u00e1 habilitada para fijar libremente y sin condicionamiento normativo alguno tales tarifas&#8221;. <\/p>\n<p>    La Sala ha decidido adem\u00e1s estimar el recurso de la AEA &#8220;en su faceta o proyecci\u00f3n principal&#8221;, lo que implica que declara la nulidad de las cuant\u00edas del canon para todo tipo de veh\u00edculos &#8220;a partir del 1 de enero de 2007&#8221;. <\/p>\n<p>    Estas cifras figuran en el art\u00edculo primero del decreto, ya que el segundo hace referencia a los descuentos en el tramo guipuzcoano de la autopista A-8 para los usuarios habituales de esta v\u00eda.<\/p>\n","protected":false},"excerpt":{"rendered":"<p>La Sala de lo Contencioso Administrativo del TSJPV se ha pronunciado con esta sentencia a favor de Automovilistas Europeos Asociados (AEA), que hab\u00eda recurrido este decreto por entender que el redondeo no se ajusta a la norma foral, de mayor rango, que regula el canon de utilizaci\u00f3n de infraestructuras viarias.<\/p>\n","protected":false},"author":1,"featured_media":0,"comment_status":"open","ping_status":"open","sticky":false,"template":"","format":"standard","meta":{"footnotes":""},"categories":[17],"tags":[],"class_list":["post-262","post","type-post","status-publish","format-standard","hentry","category-infraestructuras"],"_links":{"self":[{"href":"https:\/\/www.guitrans.eus\/eu\/wp-json\/wp\/v2\/posts\/262","targetHints":{"allow":["GET"]}}],"collection":[{"href":"https:\/\/www.guitrans.eus\/eu\/wp-json\/wp\/v2\/posts"}],"about":[{"href":"https:\/\/www.guitrans.eus\/eu\/wp-json\/wp\/v2\/types\/post"}],"author":[{"embeddable":true,"href":"https:\/\/www.guitrans.eus\/eu\/wp-json\/wp\/v2\/users\/1"}],"replies":[{"embeddable":true,"href":"https:\/\/www.guitrans.eus\/eu\/wp-json\/wp\/v2\/comments?post=262"}],"version-history":[{"count":0,"href":"https:\/\/www.guitrans.eus\/eu\/wp-json\/wp\/v2\/posts\/262\/revisions"}],"wp:attachment":[{"href":"https:\/\/www.guitrans.eus\/eu\/wp-json\/wp\/v2\/media?parent=262"}],"wp:term":[{"taxonomy":"category","embeddable":true,"href":"https:\/\/www.guitrans.eus\/eu\/wp-json\/wp\/v2\/categories?post=262"},{"taxonomy":"post_tag","embeddable":true,"href":"https:\/\/www.guitrans.eus\/eu\/wp-json\/wp\/v2\/tags?post=262"}],"curies":[{"name":"wp","href":"https:\/\/api.w.org\/{rel}","templated":true}]}}