{"id":2623,"date":"2011-11-29T00:00:00","date_gmt":"2011-11-28T23:00:00","guid":{"rendered":"https:\/\/guitrans.eus\/wp\/index.php\/2011\/11\/29\/los-fabricantes-de-coches-tendran-que-incluir-las-emisiones-de-co2-en-las-tarjetas-itv\/"},"modified":"2011-11-29T00:00:00","modified_gmt":"2011-11-28T23:00:00","slug":"los-fabricantes-de-coches-tendran-que-incluir-las-emisiones-de-co2-en-las-tarjetas-itv","status":"publish","type":"post","link":"https:\/\/www.guitrans.eus\/eu\/2011\/11\/29\/los-fabricantes-de-coches-tendran-que-incluir-las-emisiones-de-co2-en-las-tarjetas-itv\/","title":{"rendered":"Los fabricantes de coches tendr\u00e1n que incluir las emisiones de CO2 en las tarjetas ITV"},"content":{"rendered":"<p>As\u00ed se desprende de Orden ITC\/3219\/2011 del Ministerio de Industria, Turismo y Comercio, publicada en el BOE de 25 de noviembre de 2011, y que entrar\u00e1 en vigor el 25 de julio de 2012, fecha en la ya estaba previsto modificar la tarjeta de la ITV por otras razones.<\/p>\n<p>Este medida tiene por objeto facilitar a la Comisi\u00f3n Europea informaci\u00f3n fidedigna sobre los niveles de emisiones de CO2 comercializados en cada Estado miembro, para el seguimiento de la estrategia de reducci\u00f3n de estas emisiones.<\/p>\n<p>Bruselas pretend\u00eda que las emisiones medias de CO2 de los veh\u00edculos nuevos comercializados en Europa se situaran en 120 gramos por kil\u00f3metro en 2012, si bien los fabricantes solicitaron un aplazamiento hasta 2015.<\/p>\n","protected":false},"excerpt":{"rendered":"<p>As\u00ed se desprende de Orden ITC\/3219\/2011 del Ministerio de Industria,<a href=\"https:\/\/www.guitrans.eus\/eu\/2011\/11\/29\/los-fabricantes-de-coches-tendran-que-incluir-las-emisiones-de-co2-en-las-tarjetas-itv\/\" rel=\"nofollow\">Seguir leyendo&#8230;<\/a><\/p>\n","protected":false},"author":1,"featured_media":0,"comment_status":"open","ping_status":"open","sticky":false,"template":"","format":"standard","meta":{"footnotes":""},"categories":[9],"tags":[],"class_list":["post-2623","post","type-post","status-publish","format-standard","hentry","category-documentacion"],"_links":{"self":[{"href":"https:\/\/www.guitrans.eus\/eu\/wp-json\/wp\/v2\/posts\/2623","targetHints":{"allow":["GET"]}}],"collection":[{"href":"https:\/\/www.guitrans.eus\/eu\/wp-json\/wp\/v2\/posts"}],"about":[{"href":"https:\/\/www.guitrans.eus\/eu\/wp-json\/wp\/v2\/types\/post"}],"author":[{"embeddable":true,"href":"https:\/\/www.guitrans.eus\/eu\/wp-json\/wp\/v2\/users\/1"}],"replies":[{"embeddable":true,"href":"https:\/\/www.guitrans.eus\/eu\/wp-json\/wp\/v2\/comments?post=2623"}],"version-history":[{"count":0,"href":"https:\/\/www.guitrans.eus\/eu\/wp-json\/wp\/v2\/posts\/2623\/revisions"}],"wp:attachment":[{"href":"https:\/\/www.guitrans.eus\/eu\/wp-json\/wp\/v2\/media?parent=2623"}],"wp:term":[{"taxonomy":"category","embeddable":true,"href":"https:\/\/www.guitrans.eus\/eu\/wp-json\/wp\/v2\/categories?post=2623"},{"taxonomy":"post_tag","embeddable":true,"href":"https:\/\/www.guitrans.eus\/eu\/wp-json\/wp\/v2\/tags?post=2623"}],"curies":[{"name":"wp","href":"https:\/\/api.w.org\/{rel}","templated":true}]}}