{"id":2668,"date":"2011-12-29T00:00:00","date_gmt":"2011-12-28T23:00:00","guid":{"rendered":"https:\/\/guitrans.eus\/wp\/index.php\/2011\/12\/29\/primera-bateria-de-medidas-del-nuevo-gobierno-central\/"},"modified":"2011-12-29T00:00:00","modified_gmt":"2011-12-28T23:00:00","slug":"primera-bateria-de-medidas-del-nuevo-gobierno-central","status":"publish","type":"post","link":"https:\/\/www.guitrans.eus\/eu\/2011\/12\/29\/primera-bateria-de-medidas-del-nuevo-gobierno-central\/","title":{"rendered":"Primera bater\u00eda de medidas del nuevo Gobierno Central"},"content":{"rendered":"<p>Entre ellas, la congelaci\u00f3n del salario m\u00ednimo interprofesional (SMI), la primera vez desde su creaci\u00f3n.El Consejo de Ministros de ma\u00f1ana aprobar\u00e1 un real decreto-ley de medidas urgentes en materia econ\u00f3mica, que incluir\u00e1 la pr\u00f3rroga de los Presupuestos Generales para 2012. Una pr\u00f3rroga que tiene fecha de caducidad, ya que el futuro Ejecutivo presentar\u00e1 unos nuevos Presupuestos antes del 31 de marzo.<\/p>\n","protected":false},"excerpt":{"rendered":"<p>Entre ellas, la congelaci\u00f3n del salario m\u00ednimo interprofesional (SMI), la<a href=\"https:\/\/www.guitrans.eus\/eu\/2011\/12\/29\/primera-bateria-de-medidas-del-nuevo-gobierno-central\/\" rel=\"nofollow\">Seguir leyendo&#8230;<\/a><\/p>\n","protected":false},"author":1,"featured_media":0,"comment_status":"open","ping_status":"open","sticky":false,"template":"","format":"standard","meta":{"footnotes":""},"categories":[10],"tags":[],"class_list":["post-2668","post","type-post","status-publish","format-standard","hentry","category-economia"],"_links":{"self":[{"href":"https:\/\/www.guitrans.eus\/eu\/wp-json\/wp\/v2\/posts\/2668","targetHints":{"allow":["GET"]}}],"collection":[{"href":"https:\/\/www.guitrans.eus\/eu\/wp-json\/wp\/v2\/posts"}],"about":[{"href":"https:\/\/www.guitrans.eus\/eu\/wp-json\/wp\/v2\/types\/post"}],"author":[{"embeddable":true,"href":"https:\/\/www.guitrans.eus\/eu\/wp-json\/wp\/v2\/users\/1"}],"replies":[{"embeddable":true,"href":"https:\/\/www.guitrans.eus\/eu\/wp-json\/wp\/v2\/comments?post=2668"}],"version-history":[{"count":0,"href":"https:\/\/www.guitrans.eus\/eu\/wp-json\/wp\/v2\/posts\/2668\/revisions"}],"wp:attachment":[{"href":"https:\/\/www.guitrans.eus\/eu\/wp-json\/wp\/v2\/media?parent=2668"}],"wp:term":[{"taxonomy":"category","embeddable":true,"href":"https:\/\/www.guitrans.eus\/eu\/wp-json\/wp\/v2\/categories?post=2668"},{"taxonomy":"post_tag","embeddable":true,"href":"https:\/\/www.guitrans.eus\/eu\/wp-json\/wp\/v2\/tags?post=2668"}],"curies":[{"name":"wp","href":"https:\/\/api.w.org\/{rel}","templated":true}]}}