{"id":2760,"date":"2012-02-29T00:00:00","date_gmt":"2012-02-28T23:00:00","guid":{"rendered":"https:\/\/guitrans.eus\/wp\/index.php\/2012\/02\/29\/fitrans-se-presenta-en-madrid-con-un-importante-respaldo-institucional\/"},"modified":"2012-02-29T00:00:00","modified_gmt":"2012-02-28T23:00:00","slug":"fitrans-se-presenta-en-madrid-con-un-importante-respaldo-institucional","status":"publish","type":"post","link":"https:\/\/www.guitrans.eus\/eu\/2012\/02\/29\/fitrans-se-presenta-en-madrid-con-un-importante-respaldo-institucional\/","title":{"rendered":"FITRANS se presenta en Madrid con un importante respaldo institucional"},"content":{"rendered":"<p>La nueva Federaci\u00f3n fue presentada ayer en el acto que tuvo lugar en el Consejo Superior de C\u00e1maras en Madrid, ante una nutrida representaci\u00f3n institucional entre la que destacan, el Subdirector General de Inspecci\u00f3n de Transporte Terrestre del  Ministerio de Fomento, Alfonso S\u00e1nchez, el Director General de Transportes de Castilla y Le\u00f3n, Jos\u00e9 Antonio Cabrejas, el alcalde de Soria, Carlos Mart\u00ednez, el presidente de la Diputaci\u00f3n de Soria, Antonio Pardo, la senadora por Soria del Grupo Popular, M\u00aa del Mar Angulo, el Diputado por Soria del Grupo Socialista, F\u00e9lix Lavilla y el Coordinador de Presidencia del Congreso de los Diputados, Javier Marqu\u00e9s, entre otros. FITRANS nace para dar cobertura a los empresarios de transporte, desarrollando l\u00edneas de trabajo y negociaci\u00f3n que sienten  las bases de un sector moderno y competitivo, capaz de trabajar con criterios de rentabilidad, progreso y sostenibilidad. Constituye, ante todo, un nuevo modelo de representaci\u00f3n sectorial.Comunicado de FITRANS.<\/p>\n","protected":false},"excerpt":{"rendered":"<p>La nueva Federaci\u00f3n fue presentada ayer en el acto que<a href=\"https:\/\/www.guitrans.eus\/eu\/2012\/02\/29\/fitrans-se-presenta-en-madrid-con-un-importante-respaldo-institucional\/\" rel=\"nofollow\">Seguir leyendo&#8230;<\/a><\/p>\n","protected":false},"author":1,"featured_media":0,"comment_status":"open","ping_status":"open","sticky":false,"template":"","format":"standard","meta":{"footnotes":""},"categories":[107],"tags":[],"class_list":["post-2760","post","type-post","status-publish","format-standard","hentry","category-erakundeak"],"_links":{"self":[{"href":"https:\/\/www.guitrans.eus\/eu\/wp-json\/wp\/v2\/posts\/2760","targetHints":{"allow":["GET"]}}],"collection":[{"href":"https:\/\/www.guitrans.eus\/eu\/wp-json\/wp\/v2\/posts"}],"about":[{"href":"https:\/\/www.guitrans.eus\/eu\/wp-json\/wp\/v2\/types\/post"}],"author":[{"embeddable":true,"href":"https:\/\/www.guitrans.eus\/eu\/wp-json\/wp\/v2\/users\/1"}],"replies":[{"embeddable":true,"href":"https:\/\/www.guitrans.eus\/eu\/wp-json\/wp\/v2\/comments?post=2760"}],"version-history":[{"count":0,"href":"https:\/\/www.guitrans.eus\/eu\/wp-json\/wp\/v2\/posts\/2760\/revisions"}],"wp:attachment":[{"href":"https:\/\/www.guitrans.eus\/eu\/wp-json\/wp\/v2\/media?parent=2760"}],"wp:term":[{"taxonomy":"category","embeddable":true,"href":"https:\/\/www.guitrans.eus\/eu\/wp-json\/wp\/v2\/categories?post=2760"},{"taxonomy":"post_tag","embeddable":true,"href":"https:\/\/www.guitrans.eus\/eu\/wp-json\/wp\/v2\/tags?post=2760"}],"curies":[{"name":"wp","href":"https:\/\/api.w.org\/{rel}","templated":true}]}}