{"id":2846,"date":"2012-04-18T00:00:00","date_gmt":"2012-04-17T22:00:00","guid":{"rendered":"https:\/\/guitrans.eus\/wp\/index.php\/2012\/04\/18\/nuevo-titulo-de-tecnico-en-conduccion-de-grado-medio\/"},"modified":"2012-04-18T00:00:00","modified_gmt":"2012-04-17T22:00:00","slug":"nuevo-titulo-de-tecnico-en-conduccion-de-grado-medio","status":"publish","type":"post","link":"https:\/\/www.guitrans.eus\/eu\/2012\/04\/18\/nuevo-titulo-de-tecnico-en-conduccion-de-grado-medio\/","title":{"rendered":"Nuevo t\u00edtulo de T\u00e9cnico en Conducci\u00f3n, de grado medio"},"content":{"rendered":"<p>Con la publicaci\u00f3n de este Real Decreto se da cumplimiento a una de las medidas pactadas entre la Administraci\u00f3n General del Estado y los departamentos de mercanc\u00edas y viajeros del Comit\u00e9 Nacional de Transporte por Carretera en los Acuerdos de junio de 2008Este nuevo t\u00edtulo formativo, encuadrado dentro de la familia profesional Transporte y mantenimiento de veh\u00edculos, tendr\u00e1 una duraci\u00f3n de 2.000 horas y consta de 12 m\u00f3dulos profesionales: Conducci\u00f3n inicial; conducci\u00f3n racional y segura; entorno normativo, econ\u00f3mico y social del transporte; servicios de transporte de mercanc\u00edas; servicios de transporte de viajeros; operaciones de almacenaje; mantenimiento b\u00e1sico del veh\u00edculo; primeros auxilios; ingl\u00e9s; formaci\u00f3n y orientaci\u00f3n laboral; empresa e iniciativa emprendedora; y formaci\u00f3n en centros de trabajo.La competencia general de este t\u00edtulo consiste en realizar la conducci\u00f3n de veh\u00edculos de transporte por carretera, cumpliendo las normas de circulaci\u00f3n, seguridad vial y de transporte establecidas, as\u00ed como la normativa de \u00e1mbito europeo, y otras funciones relacionadas con la atenci\u00f3n a pasajeros, la supervisi\u00f3n y realizaci\u00f3n de operaciones de carga, la operativa de almac\u00e9n y la distribuci\u00f3n de paqueter\u00eda, ajust\u00e1ndose a procedimientos establecidos, seg\u00fan los requerimientos de calidad, seguridad y protecci\u00f3n ambiental establecidos.Las personas que obtienen este t\u00edtulo podr\u00e1n ejercer su actividad en peque\u00f1as, medianas y grandes empresas, que presten servicios de transporte de viajeros o de mercanc\u00edas por carretera, ya sea en el \u00e1mbito nacional e internacional, tanto por cuenta propia, como por cuenta ajena, as\u00ed como ejercer otras funciones relacionadas con la operativa de almac\u00e9n y distribuci\u00f3n de paqueter\u00eda.La formaci\u00f3n establecida en el presente t\u00edtulo garantiza el nivel de conocimiento exigido para: <\/p>\n<p>  La obtenci\u00f3n de todos los permisos de conducir a partir de la clase B inclusive, mediante la superaci\u00f3n de las pruebas pertinentes.<br \/>\n  La obtenci\u00f3n del Certificado de Aptitud Profesional (CAP) de viajeros y mercanc\u00edas.<br \/>\n  La solicitud de la autorizaci\u00f3n especial que habilita para conducir veh\u00edculos que transporten mercanc\u00edas peligrosas.<br \/>\n  La obtenci\u00f3n del certificado de competencia para los conductores y cuidadores de veh\u00edculos de carretera que transporten \u00e9quidos dom\u00e9sticos, animales dom\u00e9sticos de las especies bovina, ovina, caprina o porcina o aves de corral, a que se refiere el Reglamento CE 1\/2005, de 22 de diciembre de 2004, relativo a la protecci\u00f3n de los animales durante el transporte y las operaciones conexas.<br \/>\n  La formaci\u00f3n establecida en el m\u00f3dulo profesional de Formaci\u00f3n y orientaci\u00f3n laboral capacita para llevar a cabo responsabilidades profesionales equivalentes a las que precisan las actividades de nivel b\u00e1sico en prevenci\u00f3n de riesgos laborales, siempre que tenga, al menos, 45 horas lectivas.<\/p>\n","protected":false},"excerpt":{"rendered":"<p>Se ha publicado en el BOE de 18 de abril el Real Decreto 555\/2012 por el que se establece  el t\u00edtulo de formaci\u00f3n profesional de grado medio de T\u00e9cnico en Conducci\u00f3n de Veh\u00edculos de Transporte por Carretera. Para la obtenci\u00f3n del mismo, se deber\u00e1 realizar un curso de 2.000 horas te\u00f3ricas y pr\u00e1cticas, realizando la conducci\u00f3n de veh\u00edculos de transporte por carretera y desarrollando los conocimientos de gesti\u00f3n, idiomas y otros aspectos de la profesi\u00f3n.<\/p>\n","protected":false},"author":1,"featured_media":0,"comment_status":"open","ping_status":"open","sticky":false,"template":"","format":"standard","meta":{"footnotes":""},"categories":[95],"tags":[],"class_list":["post-2846","post","type-post","status-publish","format-standard","hentry","category-fomakuntza"],"_links":{"self":[{"href":"https:\/\/www.guitrans.eus\/eu\/wp-json\/wp\/v2\/posts\/2846","targetHints":{"allow":["GET"]}}],"collection":[{"href":"https:\/\/www.guitrans.eus\/eu\/wp-json\/wp\/v2\/posts"}],"about":[{"href":"https:\/\/www.guitrans.eus\/eu\/wp-json\/wp\/v2\/types\/post"}],"author":[{"embeddable":true,"href":"https:\/\/www.guitrans.eus\/eu\/wp-json\/wp\/v2\/users\/1"}],"replies":[{"embeddable":true,"href":"https:\/\/www.guitrans.eus\/eu\/wp-json\/wp\/v2\/comments?post=2846"}],"version-history":[{"count":0,"href":"https:\/\/www.guitrans.eus\/eu\/wp-json\/wp\/v2\/posts\/2846\/revisions"}],"wp:attachment":[{"href":"https:\/\/www.guitrans.eus\/eu\/wp-json\/wp\/v2\/media?parent=2846"}],"wp:term":[{"taxonomy":"category","embeddable":true,"href":"https:\/\/www.guitrans.eus\/eu\/wp-json\/wp\/v2\/categories?post=2846"},{"taxonomy":"post_tag","embeddable":true,"href":"https:\/\/www.guitrans.eus\/eu\/wp-json\/wp\/v2\/tags?post=2846"}],"curies":[{"name":"wp","href":"https:\/\/api.w.org\/{rel}","templated":true}]}}