{"id":2888,"date":"2012-05-14T00:00:00","date_gmt":"2012-05-13T22:00:00","guid":{"rendered":"https:\/\/guitrans.eus\/wp\/index.php\/2012\/05\/14\/firmados-los-convenios-de-reafianzamiento-de-avales-entre-el-gobierno-vasco-elkargi-y-oinarri\/"},"modified":"2012-05-14T00:00:00","modified_gmt":"2012-05-13T22:00:00","slug":"firmados-los-convenios-de-reafianzamiento-de-avales-entre-el-gobierno-vasco-elkargi-y-oinarri","status":"publish","type":"post","link":"https:\/\/www.guitrans.eus\/eu\/2012\/05\/14\/firmados-los-convenios-de-reafianzamiento-de-avales-entre-el-gobierno-vasco-elkargi-y-oinarri\/","title":{"rendered":"Firmados los convenios de reafianzamiento de avales entre el Gobierno Vasco, Elkargi y Oinarri"},"content":{"rendered":"<p>Los convenios ser\u00e1n aplicables a todas las operaciones de aval formalizadas entre el 1 de enero y el 31 de diciembre de 2012 que cumplan con las caracter\u00edsticas fijadas en el mismo. El Convenio, como ha sido habitual, se va a aplicar con car\u00e1cter retroactivo a pr\u00e1cticamente TODAS las operaciones de aval otorgadas por las SGRs desde 1 de enero. El procedimiento de solicitud, an\u00e1lisis y concesi\u00f3n de los avales se<br \/>\nseguir\u00e1 ajustando al utilizado habitualmente por ambas S.G.R., que gozan<br \/>\n de plena autonom\u00eda para la exigencia de contragarant\u00edas reales o<br \/>\npersonales a las empresas.Se pretende a trav\u00e9s de estos convenios mantener para el a\u00f1o 2012 la<br \/>\ncapacidad de concesi\u00f3n de avales por parte de dichas sociedades mediante<br \/>\n la aportaci\u00f3n a las mismas de contragarant\u00edas p\u00fablicas que reduzcan<br \/>\nnotoriamente el riesgo de mora o insolvencia derivado de los avales<br \/>\nconcedidos a sus socios. De esta forma las empresas y aut\u00f3nomos vascos<br \/>\npodr\u00e1n seguir disponiendo de un instrumento m\u00e1s a su alcance en tiempos<br \/>\nde notoria escasez de financiaci\u00f3n.<\/p>\n","protected":false},"excerpt":{"rendered":"<p>El Consejero de Econom\u00eda, Carlos Aguirre, junto con el Presidente de de Elkargi, Josu S\u00e1nchez y su consejero delegado Jes\u00fas Alberdi, y el Presidente de de Oinarri, Jos\u00e9 Ignacio G\u00e1rate y su Directora general Elena Z\u00e1rraga, suscribieron este pasado lunes los Convenios de Reafianzamiento que contemplan una capacidad de reaval por parte del Gobierno Vasco por importe de 550 millones de euros, que de agotarse, permitir\u00eda un apalancamiento por encima de los 1.000 millones. Los presentes convenios a\u00fanan en un \u00fanico documento los que hasta 2010 se desarrollaban a trav\u00e9s de tres convenios separados, el b\u00e1sico, el complementario y el de circulante.<\/p>\n","protected":false},"author":1,"featured_media":0,"comment_status":"open","ping_status":"open","sticky":false,"template":"","format":"standard","meta":{"footnotes":""},"categories":[13],"tags":[],"class_list":["post-2888","post","type-post","status-publish","format-standard","hentry","category-financiacion"],"_links":{"self":[{"href":"https:\/\/www.guitrans.eus\/eu\/wp-json\/wp\/v2\/posts\/2888","targetHints":{"allow":["GET"]}}],"collection":[{"href":"https:\/\/www.guitrans.eus\/eu\/wp-json\/wp\/v2\/posts"}],"about":[{"href":"https:\/\/www.guitrans.eus\/eu\/wp-json\/wp\/v2\/types\/post"}],"author":[{"embeddable":true,"href":"https:\/\/www.guitrans.eus\/eu\/wp-json\/wp\/v2\/users\/1"}],"replies":[{"embeddable":true,"href":"https:\/\/www.guitrans.eus\/eu\/wp-json\/wp\/v2\/comments?post=2888"}],"version-history":[{"count":0,"href":"https:\/\/www.guitrans.eus\/eu\/wp-json\/wp\/v2\/posts\/2888\/revisions"}],"wp:attachment":[{"href":"https:\/\/www.guitrans.eus\/eu\/wp-json\/wp\/v2\/media?parent=2888"}],"wp:term":[{"taxonomy":"category","embeddable":true,"href":"https:\/\/www.guitrans.eus\/eu\/wp-json\/wp\/v2\/categories?post=2888"},{"taxonomy":"post_tag","embeddable":true,"href":"https:\/\/www.guitrans.eus\/eu\/wp-json\/wp\/v2\/tags?post=2888"}],"curies":[{"name":"wp","href":"https:\/\/api.w.org\/{rel}","templated":true}]}}