{"id":3044,"date":"2012-08-27T00:00:00","date_gmt":"2012-08-26T22:00:00","guid":{"rendered":"https:\/\/guitrans.eus\/wp\/index.php\/2012\/08\/27\/publicada-en-el-boe-la-tercera-prorroga-del-modificado-plan-prepara-que-se-aplica-con-efectos-retroactivos-desde-el-16-de-agosto\/"},"modified":"2012-08-27T00:00:00","modified_gmt":"2012-08-26T22:00:00","slug":"publicada-en-el-boe-la-tercera-prorroga-del-modificado-plan-prepara-que-se-aplica-con-efectos-retroactivos-desde-el-16-de-agosto","status":"publish","type":"post","link":"https:\/\/www.guitrans.eus\/eu\/2012\/08\/27\/publicada-en-el-boe-la-tercera-prorroga-del-modificado-plan-prepara-que-se-aplica-con-efectos-retroactivos-desde-el-16-de-agosto\/","title":{"rendered":"Publicada en el BOE la tercera pr\u00f3rroga del modificado PLAN PREPARA que se aplica con efectos retroactivos desde el 16 de agosto"},"content":{"rendered":"<p>Debe tratarse de un parado de larga<br \/>\nduraci\u00f3n, es decir, que haya pasado 12 de los \u00faltimos 18 meses sin<br \/>\ntrabajo.<br \/>\n  Sus ingresos, as\u00ed como los de todos los<br \/>\nmiembros de su unidad familiar, no podr\u00e1n superar los 481 euros, el 75%<br \/>\ndel salario m\u00ednimo interprofesional, de 600 euros. As\u00ed, deber\u00e1n sumarse<br \/>\nlas rentas de toda la familia, incluidos los padres, en caso de que<br \/>\nconvivan con el desempleado, y dividirse entre los integrantes de la<br \/>\nunidad familiar. Hasta ahora, solo se inclu\u00eda en este c\u00e1lculo al c\u00f3nyuge<br \/>\n y a los descendientes.<br \/>\n  El parado debe acreditar que ha<br \/>\nbuscado activamente empleo desde que agot\u00f3 su prestaci\u00f3n hasta que pidi\u00f3<br \/>\n la ayuda. Estas condiciones afectar\u00e1n especialmente a quienes la crisis<br \/>\n haya empujado a volver a vivir con sus padres.<br \/>\nPara acreditar que se ha buscado empleo activamente bastar\u00e1 con una<br \/>\ninstrucci\u00f3n del Servicio P\u00fablico de Empleo Estatal que justifique que<br \/>\nefectivamente el solicitante ha llevado a cabo dichas acciones durante<br \/>\nal menos un mes de los dos que tiene para solicitar su inclusi\u00f3n en el<br \/>\nprograma. Los solicitantes tambi\u00e9n deber\u00e1n aportar un<br \/>\ncertificado emitido por su Comunidad Aut\u00f3noma o entidad local &#8220;donde se<br \/>\nhaga constar la percepci\u00f3n o no&#8221; de todos aquellos subsidios (con su<br \/>\ncorrespondiente cuant\u00eda) que pudieran cobrar el beneficiario y\/o su<br \/>\nunidad familiar.El Real Decreto-ley 23\/2012 prorroga por 6 meses m\u00e1s la ayuda de 400 euros para los parados que<br \/>\nhayan agotado las prestaciones, una cantidad que se eleva a 450 euros<br \/>\npara aquellos con al menos tres familiares a su cargo, incluida la<br \/>\npareja. El programa solo se puede cobrar una vez, por un periodo de 6 meses, sin posibilidad de repetir.<\/p>\n","protected":false},"excerpt":{"rendered":"<p>Tres son los requisitos para acceder a los 400 euros<br \/>\ndel plan Prepara, de acuerdo con el Real Decreto-ley 23\/2012, de 24 de agosto, por el que se prorroga el programa de recualificaci\u00f3n profesional de las personas que agoten su protecci\u00f3n por desempleo publicado en el BOE de 25 de agosto.<\/p>\n","protected":false},"author":1,"featured_media":0,"comment_status":"open","ping_status":"open","sticky":false,"template":"","format":"standard","meta":{"footnotes":""},"categories":[10],"tags":[],"class_list":["post-3044","post","type-post","status-publish","format-standard","hentry","category-economia"],"_links":{"self":[{"href":"https:\/\/www.guitrans.eus\/eu\/wp-json\/wp\/v2\/posts\/3044","targetHints":{"allow":["GET"]}}],"collection":[{"href":"https:\/\/www.guitrans.eus\/eu\/wp-json\/wp\/v2\/posts"}],"about":[{"href":"https:\/\/www.guitrans.eus\/eu\/wp-json\/wp\/v2\/types\/post"}],"author":[{"embeddable":true,"href":"https:\/\/www.guitrans.eus\/eu\/wp-json\/wp\/v2\/users\/1"}],"replies":[{"embeddable":true,"href":"https:\/\/www.guitrans.eus\/eu\/wp-json\/wp\/v2\/comments?post=3044"}],"version-history":[{"count":0,"href":"https:\/\/www.guitrans.eus\/eu\/wp-json\/wp\/v2\/posts\/3044\/revisions"}],"wp:attachment":[{"href":"https:\/\/www.guitrans.eus\/eu\/wp-json\/wp\/v2\/media?parent=3044"}],"wp:term":[{"taxonomy":"category","embeddable":true,"href":"https:\/\/www.guitrans.eus\/eu\/wp-json\/wp\/v2\/categories?post=3044"},{"taxonomy":"post_tag","embeddable":true,"href":"https:\/\/www.guitrans.eus\/eu\/wp-json\/wp\/v2\/tags?post=3044"}],"curies":[{"name":"wp","href":"https:\/\/api.w.org\/{rel}","templated":true}]}}