{"id":3108,"date":"2012-09-28T00:00:00","date_gmt":"2012-09-27T22:00:00","guid":{"rendered":"https:\/\/guitrans.eus\/wp\/index.php\/2012\/09\/28\/el-gobierno-central-presenta-el-proyecto-de-presupuestos-generales-para-2013\/"},"modified":"2012-09-28T00:00:00","modified_gmt":"2012-09-27T22:00:00","slug":"el-gobierno-central-presenta-el-proyecto-de-presupuestos-generales-para-2013","status":"publish","type":"post","link":"https:\/\/www.guitrans.eus\/eu\/2012\/09\/28\/el-gobierno-central-presenta-el-proyecto-de-presupuestos-generales-para-2013\/","title":{"rendered":"El Gobierno central presenta el Proyecto de Presupuestos Generales para 2013"},"content":{"rendered":"<p>Una de ellas es la posibilidad de aplicar una actualizaci\u00f3n de balances a trav\u00e9s del pago de una tasa del 5%. Otras ya se hab\u00edan anunciado, como la idea de habilitar un sistema alternativo al bancario para la financiaci\u00f3n de las empresas.<br \/>\nTambi\u00e9n se ha confirmado que las plusval\u00edas de las ganancias patrimoniales generadas en menos de un a\u00f1o pasen de tributar en el IRPF a trav\u00e9s de la base imponible general, en lugar de en la del ahorro como se ven\u00eda haciendo \u00faltimamente y la eliminaci\u00f3n de la deducci\u00f3n por compra de vivienda a partir de 2013.<br \/>\nEn materia laboral se implementar\u00e1 un nuevo contrato para la formaci\u00f3n y el aprendizaje (otro m\u00e1s; se reforzar\u00e1 la intermediaci\u00f3n laboral, con una mayor colaboraci\u00f3n p\u00fablico-privada en el \u00e1mbito de los Servicios P\u00fablicos de Empleo y se aprobar\u00e1, antes de finalizar el a\u00f1o, la Estrategia de Empleo y Emprendimiento Joven.<br \/>\nAdem\u00e1s se ha suprimido, antes de la entrada en vigor de la medida, la reducci\u00f3n del 1% en los gastos de Seguridad Social de las empresas, que se iba a aplicar desde el 1 de enero de 2013.<\/p>\n","protected":false},"excerpt":{"rendered":"<p>El Consejo de Ministros celebrado ayer aprob\u00f3 la remisi\u00f3n a las Cortes Generales<br \/>\ndel Proyecto de Ley de Presupuestos Generales del Estado para 2013, presupuestos que contemplan una reducci\u00f3n del conjunto del gasto de los Ministerios del 8,9%, excluidas las obligaciones de ejercicios anteriores y las aportaciones al Servicio P\u00fablico de Empleo, la Seguridad Social y el MEDE, hasta un total de<\/p>\n<p>39.722 millones de euros.<\/p>\n<p>El Ministerio de Agricultura, Alimentaci\u00f3n y Medio Ambiente es el que sufre un mayor ajuste al recortar su gasto con un 25,4%. A continuaci\u00f3n, se sit\u00faan el Ministerio de Industria, Energ\u00eda y Turismo, con un recorte del 21,3%, el Ministerio de Educaci\u00f3n, Cultura y Deporte, con el 17,2%.<\/p>\n<p>En sentido contrario, el gasto del Ministerio de Sanidad, Servicios Sociales e Igualdad experimenta un incremento del 28,6% y el Ministerio de Empleo y Seguridad Social aumenta el 13,7%. Adem\u00e1s de este Proyecto de Ley, de Presupuestos, el Consejo de Ministros aprob\u00f3 un Proyecto de Ley de medidas tributarias con el fin de consolidar las finanzas p\u00fablicas e impulsar la actividad econ\u00f3mica.<\/p>\n","protected":false},"author":1,"featured_media":0,"comment_status":"open","ping_status":"open","sticky":false,"template":"","format":"standard","meta":{"footnotes":""},"categories":[10],"tags":[],"class_list":["post-3108","post","type-post","status-publish","format-standard","hentry","category-economia"],"_links":{"self":[{"href":"https:\/\/www.guitrans.eus\/eu\/wp-json\/wp\/v2\/posts\/3108","targetHints":{"allow":["GET"]}}],"collection":[{"href":"https:\/\/www.guitrans.eus\/eu\/wp-json\/wp\/v2\/posts"}],"about":[{"href":"https:\/\/www.guitrans.eus\/eu\/wp-json\/wp\/v2\/types\/post"}],"author":[{"embeddable":true,"href":"https:\/\/www.guitrans.eus\/eu\/wp-json\/wp\/v2\/users\/1"}],"replies":[{"embeddable":true,"href":"https:\/\/www.guitrans.eus\/eu\/wp-json\/wp\/v2\/comments?post=3108"}],"version-history":[{"count":0,"href":"https:\/\/www.guitrans.eus\/eu\/wp-json\/wp\/v2\/posts\/3108\/revisions"}],"wp:attachment":[{"href":"https:\/\/www.guitrans.eus\/eu\/wp-json\/wp\/v2\/media?parent=3108"}],"wp:term":[{"taxonomy":"category","embeddable":true,"href":"https:\/\/www.guitrans.eus\/eu\/wp-json\/wp\/v2\/categories?post=3108"},{"taxonomy":"post_tag","embeddable":true,"href":"https:\/\/www.guitrans.eus\/eu\/wp-json\/wp\/v2\/tags?post=3108"}],"curies":[{"name":"wp","href":"https:\/\/api.w.org\/{rel}","templated":true}]}}