{"id":3185,"date":"2012-11-09T00:00:00","date_gmt":"2012-11-08T23:00:00","guid":{"rendered":"https:\/\/guitrans.eus\/wp\/index.php\/2012\/11\/09\/publicado-un-decreto-que-regula-el-registro-general-de-delegados-de-prevencion-en-la-cav\/"},"modified":"2012-11-09T00:00:00","modified_gmt":"2012-11-08T23:00:00","slug":"publicado-un-decreto-que-regula-el-registro-general-de-delegados-de-prevencion-en-la-cav","status":"publish","type":"post","link":"https:\/\/www.guitrans.eus\/eu\/2012\/11\/09\/publicado-un-decreto-que-regula-el-registro-general-de-delegados-de-prevencion-en-la-cav\/","title":{"rendered":"Publicado un decreto que regula el registro general de delegados de prevenci\u00f3n en la CAV"},"content":{"rendered":"<p>La existencia del registro de delegados, cuya adhesi\u00f3n por parte de las<br \/>\nempresas es voluntaria, sacar\u00e1 a la luz las necesidades formativas de<br \/>\nlos delegados y posibilitar\u00e1 el desarrollo ordenado de la formaci\u00f3n,<br \/>\ntanto en su fase inicial como en lo que se refiere a las posteriores<br \/>\nacciones de reciclaje. OSALAN determinar\u00e1 los sectores o subsectores que<br \/>\n requieran de una formaci\u00f3n espec\u00edfica en funci\u00f3n de los riesgos<br \/>\nexistentes.<\/p>\n","protected":false},"excerpt":{"rendered":"<p>La adhesi\u00f3n de las empresas es voluntaria.Con fecha 9 de noviembre se public\u00f3 en el BOPV el Decreto 225\/2012 regulador del registro general de delegados de prevenci\u00f3n de las<br \/>\n empresas de la CAPV y que entrar\u00e1 en vigor el 9 de febrero de 2013. Esta iniciativa de la Mesa de di\u00e1logo social sobre<br \/>\n formaci\u00f3n continua permitir\u00e1 conocer peri\u00f3dicamente el n\u00famero y la<br \/>\nidentidad de las personas formadas inicialmente en los cursos b\u00e1sicos de<br \/>\n prevenci\u00f3n, as\u00ed como la fecha en que recibieron dicha formaci\u00f3n. Es,<br \/>\nadem\u00e1s, un paso previo a la realizaci\u00f3n de los cursos avanzados de<br \/>\nprevenci\u00f3n que promueve Osalan. La finalidad del Registro es ordenar, acreditar y dar publicidad a las designaciones de las delegadas y los delegados de prevenci\u00f3n de riesgos laborales efectuadas de conformidad con la Ley 31\/1995, de 8 de noviembre, de Prevenci\u00f3n de Riesgos Laborales, y la formaci\u00f3n con la que cuentan dichas personas.<\/p>\n","protected":false},"author":1,"featured_media":0,"comment_status":"open","ping_status":"open","sticky":false,"template":"","format":"standard","meta":{"footnotes":""},"categories":[30],"tags":[],"class_list":["post-3185","post","type-post","status-publish","format-standard","hentry","category-prl"],"_links":{"self":[{"href":"https:\/\/www.guitrans.eus\/eu\/wp-json\/wp\/v2\/posts\/3185","targetHints":{"allow":["GET"]}}],"collection":[{"href":"https:\/\/www.guitrans.eus\/eu\/wp-json\/wp\/v2\/posts"}],"about":[{"href":"https:\/\/www.guitrans.eus\/eu\/wp-json\/wp\/v2\/types\/post"}],"author":[{"embeddable":true,"href":"https:\/\/www.guitrans.eus\/eu\/wp-json\/wp\/v2\/users\/1"}],"replies":[{"embeddable":true,"href":"https:\/\/www.guitrans.eus\/eu\/wp-json\/wp\/v2\/comments?post=3185"}],"version-history":[{"count":0,"href":"https:\/\/www.guitrans.eus\/eu\/wp-json\/wp\/v2\/posts\/3185\/revisions"}],"wp:attachment":[{"href":"https:\/\/www.guitrans.eus\/eu\/wp-json\/wp\/v2\/media?parent=3185"}],"wp:term":[{"taxonomy":"category","embeddable":true,"href":"https:\/\/www.guitrans.eus\/eu\/wp-json\/wp\/v2\/categories?post=3185"},{"taxonomy":"post_tag","embeddable":true,"href":"https:\/\/www.guitrans.eus\/eu\/wp-json\/wp\/v2\/tags?post=3185"}],"curies":[{"name":"wp","href":"https:\/\/api.w.org\/{rel}","templated":true}]}}