{"id":3229,"date":"2012-11-27T00:00:00","date_gmt":"2012-11-26T23:00:00","guid":{"rendered":"https:\/\/guitrans.eus\/wp\/index.php\/2012\/11\/27\/subvencion-directa-del-gobierno-vasco-a-elkargi-s-g-r-y-oinarri-s-g-r-para-el-fomento-de-la-concesion-de-avales-a-pymes-y-autonomos-de-la-cav\/"},"modified":"2012-11-27T00:00:00","modified_gmt":"2012-11-26T23:00:00","slug":"subvencion-directa-del-gobierno-vasco-a-elkargi-s-g-r-y-oinarri-s-g-r-para-el-fomento-de-la-concesion-de-avales-a-pymes-y-autonomos-de-la-cav","status":"publish","type":"post","link":"https:\/\/www.guitrans.eus\/eu\/2012\/11\/27\/subvencion-directa-del-gobierno-vasco-a-elkargi-s-g-r-y-oinarri-s-g-r-para-el-fomento-de-la-concesion-de-avales-a-pymes-y-autonomos-de-la-cav\/","title":{"rendered":"Subvenci\u00f3n directa del Gobierno Vasco a Elkargi S.G.R. y Oinarri S.G.R. para el fomento de la concesi\u00f3n de avales a Pymes y Aut\u00f3nomos de la CAV"},"content":{"rendered":"<p>El Gobierno Vasco, en el marco de la pol\u00edtica de apoyo a la<br \/>\nfinanciaci\u00f3n del tejido empresarial de Euskadi, ha decidido conceder una<br \/>\n subvenci\u00f3n de 3.200.000 euros a las Sociedades de<br \/>\nGarant\u00eda Rec\u00edproca (SGR) Elkargi y Oinarri. Esta subvenci\u00f3n tiene como<br \/>\nobjeto el fomento de la concesi\u00f3n de avales financieros por estas SGRs,<br \/>\nmediante el reforzamiento de sus respectivos Fondos de Provisiones<br \/>\nT\u00e9cnicas. Con esta concesi\u00f3n se estima que aumentar\u00e1n significativamente<br \/>\n las posibilidades de acceso a la financiaci\u00f3n de las peque\u00f1as y<br \/>\nmedianas empresas de la CAV y se contribuir\u00e1 a reducir el coste de<br \/>\ndicha financiaci\u00f3n ante las grandes dificultades existentes en esta<br \/>\nmateria en el entorno econ\u00f3mico. El importe conjunto de la subvenci\u00f3n ser\u00e1 de 3.200.000 euros,<br \/>\ndistribuidos en un importe m\u00e1ximo de 2.700.000 euros y 500.000 euros,<br \/>\nrespectivamente, para Elkargi y Oinarri. Su concesi\u00f3n est\u00e1 supeditada a<br \/>\nla concesi\u00f3n efectiva de avales por parte de esta sociedades a lo largo<br \/>\nde 2012.<\/p>\n","protected":false},"excerpt":{"rendered":"<p>El Gobierno Vasco, en el marco de la pol\u00edtica de<a href=\"https:\/\/www.guitrans.eus\/eu\/2012\/11\/27\/subvencion-directa-del-gobierno-vasco-a-elkargi-s-g-r-y-oinarri-s-g-r-para-el-fomento-de-la-concesion-de-avales-a-pymes-y-autonomos-de-la-cav\/\" rel=\"nofollow\">Seguir leyendo&#8230;<\/a><\/p>\n","protected":false},"author":1,"featured_media":0,"comment_status":"open","ping_status":"open","sticky":false,"template":"","format":"standard","meta":{"footnotes":""},"categories":[13],"tags":[],"class_list":["post-3229","post","type-post","status-publish","format-standard","hentry","category-financiacion"],"_links":{"self":[{"href":"https:\/\/www.guitrans.eus\/eu\/wp-json\/wp\/v2\/posts\/3229","targetHints":{"allow":["GET"]}}],"collection":[{"href":"https:\/\/www.guitrans.eus\/eu\/wp-json\/wp\/v2\/posts"}],"about":[{"href":"https:\/\/www.guitrans.eus\/eu\/wp-json\/wp\/v2\/types\/post"}],"author":[{"embeddable":true,"href":"https:\/\/www.guitrans.eus\/eu\/wp-json\/wp\/v2\/users\/1"}],"replies":[{"embeddable":true,"href":"https:\/\/www.guitrans.eus\/eu\/wp-json\/wp\/v2\/comments?post=3229"}],"version-history":[{"count":0,"href":"https:\/\/www.guitrans.eus\/eu\/wp-json\/wp\/v2\/posts\/3229\/revisions"}],"wp:attachment":[{"href":"https:\/\/www.guitrans.eus\/eu\/wp-json\/wp\/v2\/media?parent=3229"}],"wp:term":[{"taxonomy":"category","embeddable":true,"href":"https:\/\/www.guitrans.eus\/eu\/wp-json\/wp\/v2\/categories?post=3229"},{"taxonomy":"post_tag","embeddable":true,"href":"https:\/\/www.guitrans.eus\/eu\/wp-json\/wp\/v2\/tags?post=3229"}],"curies":[{"name":"wp","href":"https:\/\/api.w.org\/{rel}","templated":true}]}}