{"id":3332,"date":"2013-01-28T00:00:00","date_gmt":"2013-01-27T23:00:00","guid":{"rendered":"https:\/\/guitrans.eus\/wp\/index.php\/2013\/01\/28\/el-gobierno-central-estudia-que-los-jovenes-menores-de-30-anos-que-decidan-hacerse-autonomos-coticen-50-euros-al-mes-durante-medio-ano\/"},"modified":"2013-01-28T00:00:00","modified_gmt":"2013-01-27T23:00:00","slug":"el-gobierno-central-estudia-que-los-jovenes-menores-de-30-anos-que-decidan-hacerse-autonomos-coticen-50-euros-al-mes-durante-medio-ano","status":"publish","type":"post","link":"https:\/\/www.guitrans.eus\/eu\/2013\/01\/28\/el-gobierno-central-estudia-que-los-jovenes-menores-de-30-anos-que-decidan-hacerse-autonomos-coticen-50-euros-al-mes-durante-medio-ano\/","title":{"rendered":"El Gobierno central estudia que los j\u00f3venes menores de 30 a\u00f1os que decidan hacerse aut\u00f3nomos coticen 50 euros al mes durante medio a\u00f1o"},"content":{"rendered":"<p>El Ministerio de Empleo prepara una estrategia para combatir el paro juvenil, en la actualidad en m\u00e1ximos hist\u00f3ricos. Entre las medidas que est\u00e1 estudiando, est\u00e1 la destinada a impulsar el autoempleo entre los j\u00f3venes: los que se den de alta como aut\u00f3nomos pagar\u00edan una cotizaci\u00f3n de 50 euros al mes, una cuota mucho menor que la m\u00e1s baja que se paga ahora, de unos 250 euros.<\/p>\n<p>Adem\u00e1s, una vez transcurrido este periodo, los j\u00f3venes aut\u00f3nomos disfrutar\u00edan de una rebaja de sus cotizaciones de hasta el 30% durante los siguientes 24 meses.<\/p>\n","protected":false},"excerpt":{"rendered":"<p>El Ministerio de Empleo prepara una estrategia para combatir el<a href=\"https:\/\/www.guitrans.eus\/eu\/2013\/01\/28\/el-gobierno-central-estudia-que-los-jovenes-menores-de-30-anos-que-decidan-hacerse-autonomos-coticen-50-euros-al-mes-durante-medio-ano\/\" rel=\"nofollow\">Seguir leyendo&#8230;<\/a><\/p>\n","protected":false},"author":1,"featured_media":0,"comment_status":"open","ping_status":"open","sticky":false,"template":"","format":"standard","meta":{"footnotes":""},"categories":[10],"tags":[],"class_list":["post-3332","post","type-post","status-publish","format-standard","hentry","category-economia"],"_links":{"self":[{"href":"https:\/\/www.guitrans.eus\/eu\/wp-json\/wp\/v2\/posts\/3332","targetHints":{"allow":["GET"]}}],"collection":[{"href":"https:\/\/www.guitrans.eus\/eu\/wp-json\/wp\/v2\/posts"}],"about":[{"href":"https:\/\/www.guitrans.eus\/eu\/wp-json\/wp\/v2\/types\/post"}],"author":[{"embeddable":true,"href":"https:\/\/www.guitrans.eus\/eu\/wp-json\/wp\/v2\/users\/1"}],"replies":[{"embeddable":true,"href":"https:\/\/www.guitrans.eus\/eu\/wp-json\/wp\/v2\/comments?post=3332"}],"version-history":[{"count":0,"href":"https:\/\/www.guitrans.eus\/eu\/wp-json\/wp\/v2\/posts\/3332\/revisions"}],"wp:attachment":[{"href":"https:\/\/www.guitrans.eus\/eu\/wp-json\/wp\/v2\/media?parent=3332"}],"wp:term":[{"taxonomy":"category","embeddable":true,"href":"https:\/\/www.guitrans.eus\/eu\/wp-json\/wp\/v2\/categories?post=3332"},{"taxonomy":"post_tag","embeddable":true,"href":"https:\/\/www.guitrans.eus\/eu\/wp-json\/wp\/v2\/tags?post=3332"}],"curies":[{"name":"wp","href":"https:\/\/api.w.org\/{rel}","templated":true}]}}