{"id":3356,"date":"2013-02-08T00:00:00","date_gmt":"2013-02-07T23:00:00","guid":{"rendered":"https:\/\/guitrans.eus\/wp\/index.php\/2013\/02\/08\/guitrans-denuncia-los-abusos-cometidos-en-alemania-a-camiones-espanoles-con-las-itvs\/"},"modified":"2013-02-08T00:00:00","modified_gmt":"2013-02-07T23:00:00","slug":"guitrans-denuncia-los-abusos-cometidos-en-alemania-a-camiones-espanoles-con-las-itvs","status":"publish","type":"post","link":"https:\/\/www.guitrans.eus\/eu\/2013\/02\/08\/guitrans-denuncia-los-abusos-cometidos-en-alemania-a-camiones-espanoles-con-las-itvs\/","title":{"rendered":"GUITRANS denuncia los abusos cometidos en Alemania a camiones espa\u00f1oles con las ITV\u00b4s"},"content":{"rendered":"<p>GUITRANS viene denunciando desde 2002 el abuso de poder con el que funcionan las autoridades germanas en esta zona, realizando inspecciones t\u00e9cnicas a veh\u00edculos con la ITV perfectamente realizada en muchos casos muy recientemente, que son obligados a pasar una nueva ITV en Alemania en la que siempre se detectan defectos que hay que reparar in situ, en los talleres que los agentes indican y adem\u00e1s aguantando varios d\u00edas de espera para su reparaci\u00f3n porque tienen mucha carga de trabajo, con el coste econ\u00f3mico que todo ello supone en concepto de reparaci\u00f3n, de retraso en la entrega de la mercanc\u00eda y de menor facturaci\u00f3n por su paralizaci\u00f3n. Desde GUITRANS, por medio de FITRANS, Federaci\u00f3n Interregional de Asociaciones de Transporte, se ha puesto en conocimiento del Ministerio de Fomento, de la Embajada alemana en Madrid y del Ministerio de Transportes alem\u00e1n, esta grave situaci\u00f3n para que se ponga en marcha el mecanismo para esclarecer estos hechos reiterados y localizados  y evitar de una vez por todas, este tipo de situaciones.Comunicado a los medios de prensa.<\/p>\n","protected":false},"excerpt":{"rendered":"<p>GUITRANS viene denunciando desde 2002 el abuso de poder con<a href=\"https:\/\/www.guitrans.eus\/eu\/2013\/02\/08\/guitrans-denuncia-los-abusos-cometidos-en-alemania-a-camiones-espanoles-con-las-itvs\/\" rel=\"nofollow\">Seguir leyendo&#8230;<\/a><\/p>\n","protected":false},"author":1,"featured_media":0,"comment_status":"open","ping_status":"open","sticky":false,"template":"","format":"standard","meta":{"footnotes":""},"categories":[29],"tags":[],"class_list":["post-3356","post","type-post","status-publish","format-standard","hentry","category-prensa"],"_links":{"self":[{"href":"https:\/\/www.guitrans.eus\/eu\/wp-json\/wp\/v2\/posts\/3356","targetHints":{"allow":["GET"]}}],"collection":[{"href":"https:\/\/www.guitrans.eus\/eu\/wp-json\/wp\/v2\/posts"}],"about":[{"href":"https:\/\/www.guitrans.eus\/eu\/wp-json\/wp\/v2\/types\/post"}],"author":[{"embeddable":true,"href":"https:\/\/www.guitrans.eus\/eu\/wp-json\/wp\/v2\/users\/1"}],"replies":[{"embeddable":true,"href":"https:\/\/www.guitrans.eus\/eu\/wp-json\/wp\/v2\/comments?post=3356"}],"version-history":[{"count":0,"href":"https:\/\/www.guitrans.eus\/eu\/wp-json\/wp\/v2\/posts\/3356\/revisions"}],"wp:attachment":[{"href":"https:\/\/www.guitrans.eus\/eu\/wp-json\/wp\/v2\/media?parent=3356"}],"wp:term":[{"taxonomy":"category","embeddable":true,"href":"https:\/\/www.guitrans.eus\/eu\/wp-json\/wp\/v2\/categories?post=3356"},{"taxonomy":"post_tag","embeddable":true,"href":"https:\/\/www.guitrans.eus\/eu\/wp-json\/wp\/v2\/tags?post=3356"}],"curies":[{"name":"wp","href":"https:\/\/api.w.org\/{rel}","templated":true}]}}