{"id":3403,"date":"2013-03-04T00:00:00","date_gmt":"2013-03-03T23:00:00","guid":{"rendered":"https:\/\/guitrans.eus\/wp\/index.php\/2013\/03\/04\/creado-el-registro-de-representantes-aduaneros\/"},"modified":"2013-03-04T00:00:00","modified_gmt":"2013-03-03T23:00:00","slug":"creado-el-registro-de-representantes-aduaneros","status":"publish","type":"post","link":"https:\/\/www.guitrans.eus\/eu\/2013\/03\/04\/creado-el-registro-de-representantes-aduaneros\/","title":{"rendered":"Creado el registro de representantes aduaneros"},"content":{"rendered":"<p>El registro de representantes aduaneros se regula<br \/>\npor la Orden HAP\/308\/2013, de 26 de febrero. Se podr\u00e1n inscribir en \u00e9l las personas<br \/>\nque cumplan las condiciones previstas para ser representante aduanero en<br \/>\n tal decreto. La inscripci\u00f3n en el registro permite ejercer la actividad<br \/>\n de presentaci\u00f3n de declaraciones en aduanas en representaci\u00f3n de<br \/>\nterceros, tanto en nombre y por cuenta ajena, como en nombre propio y<br \/>\npor cuenta ajena, y para facilitar la gesti\u00f3n administrativa de los<br \/>\nprocedimientos aduaneros en los que se act\u00fae a trav\u00e9s del representante<br \/>\naduanero.<br \/>\nEl registro, cuya gesti\u00f3n corresponde al<br \/>\nDepartamento de Aduanas e Impuestos Especiales de la Agencia Estatal de<br \/>\nla Administraci\u00f3n Tributaria, contendr\u00e1: el nombre y apellidos o raz\u00f3n<br \/>\nsocial del interesado, su n\u00famero de identificaci\u00f3n fiscal, su n\u00famero de<br \/>\nregistro e identificaci\u00f3n de operadores econ\u00f3micos (EORI) y, en su caso,<br \/>\n el n\u00famero de Operador Econ\u00f3mico Autorizado.<\/p>\n","protected":false},"excerpt":{"rendered":"<p>El Ministerio de Hacienda y Administraciones ha anunciado, a trav\u00e9s de la publicaci\u00f3n de una Orden Ministerial en el  BOE del 28 de febrero con entrada en vigor el s\u00e1bado 2 de marzo, la creaci\u00f3n de un registro de representantes aduaneros estableciendo, adem\u00e1s, la regulaci\u00f3n necesaria de su funcionamiento. Para ello, el Gobierno ha adaptado la normativa vigente en materia de representaci\u00f3n aduanera a las \u00faltimas sentencias del Tribunal Supremo.<\/p>\n","protected":false},"author":1,"featured_media":0,"comment_status":"open","ping_status":"open","sticky":false,"template":"","format":"standard","meta":{"footnotes":""},"categories":[100],"tags":[],"class_list":["post-3403","post","type-post","status-publish","format-standard","hentry","category-azpiegiturak"],"_links":{"self":[{"href":"https:\/\/www.guitrans.eus\/eu\/wp-json\/wp\/v2\/posts\/3403","targetHints":{"allow":["GET"]}}],"collection":[{"href":"https:\/\/www.guitrans.eus\/eu\/wp-json\/wp\/v2\/posts"}],"about":[{"href":"https:\/\/www.guitrans.eus\/eu\/wp-json\/wp\/v2\/types\/post"}],"author":[{"embeddable":true,"href":"https:\/\/www.guitrans.eus\/eu\/wp-json\/wp\/v2\/users\/1"}],"replies":[{"embeddable":true,"href":"https:\/\/www.guitrans.eus\/eu\/wp-json\/wp\/v2\/comments?post=3403"}],"version-history":[{"count":0,"href":"https:\/\/www.guitrans.eus\/eu\/wp-json\/wp\/v2\/posts\/3403\/revisions"}],"wp:attachment":[{"href":"https:\/\/www.guitrans.eus\/eu\/wp-json\/wp\/v2\/media?parent=3403"}],"wp:term":[{"taxonomy":"category","embeddable":true,"href":"https:\/\/www.guitrans.eus\/eu\/wp-json\/wp\/v2\/categories?post=3403"},{"taxonomy":"post_tag","embeddable":true,"href":"https:\/\/www.guitrans.eus\/eu\/wp-json\/wp\/v2\/tags?post=3403"}],"curies":[{"name":"wp","href":"https:\/\/api.w.org\/{rel}","templated":true}]}}