{"id":3624,"date":"2013-07-01T00:00:00","date_gmt":"2013-06-30T22:00:00","guid":{"rendered":"https:\/\/guitrans.eus\/wp\/index.php\/2013\/07\/01\/siete-anos-del-carne-por-puntos-el-76-de-los-conductores-mantienen-intacto-su-saldo-de-puntos\/"},"modified":"2013-07-01T00:00:00","modified_gmt":"2013-06-30T22:00:00","slug":"siete-anos-del-carne-por-puntos-el-76-de-los-conductores-mantienen-intacto-su-saldo-de-puntos","status":"publish","type":"post","link":"https:\/\/www.guitrans.eus\/eu\/2013\/07\/01\/siete-anos-del-carne-por-puntos-el-76-de-los-conductores-mantienen-intacto-su-saldo-de-puntos\/","title":{"rendered":"Siete a\u00f1os del carn\u00e9 por puntos: El 76% de los conductores mantienen intacto su saldo de puntos"},"content":{"rendered":"<p>Adem\u00e1s de las cartas informativas que env\u00eda Tr\u00e1fico a los conductores cuyo saldo de puntos es menor a seis, todas aquellas personas que quieran conocer su saldo de puntos, pueden hacerlo a trav\u00e9s de la web de la DGT, www.dgt.es. Para aquellos que no tengan acceso a Internet, pueden acudir a su Jefatura Provincial donde se les facilitar\u00e1.<\/p>\n","protected":false},"excerpt":{"rendered":"<p>En breve, aquellos conductores que est\u00e1n dados de alta en el DEV (Direcci\u00f3n Electr\u00f3nica Vial), la DGT tambi\u00e9n les comunicar\u00e1n los puntos de los que dispone y si hay alguna variaci\u00f3n en su saldoSeg\u00fan ha informado la DGT, la velocidad, sigue siendo la infracci\u00f3n que m\u00e1s detracci\u00f3n de puntos supone.<br \/>\nSolamente en 2012, el 47% de los puntos detra\u00eddos fueron por conducir a una<br \/>\nvelocidad superior a la permitida.<br \/>\nEl no uso del cintur\u00f3n, la utilizaci\u00f3n del m\u00f3vil mientras circula y la presencia de<br \/>\nalcohol en la conducci\u00f3n son otras de las infracciones que tambi\u00e9n supusieron el<br \/>\na\u00f1o pasado la p\u00e9rdida de puntos.<\/p>\n","protected":false},"author":1,"featured_media":0,"comment_status":"open","ping_status":"open","sticky":false,"template":"","format":"standard","meta":{"footnotes":""},"categories":[36],"tags":[],"class_list":["post-3624","post","type-post","status-publish","format-standard","hentry","category-trafico-seguridad-vial"],"_links":{"self":[{"href":"https:\/\/www.guitrans.eus\/eu\/wp-json\/wp\/v2\/posts\/3624","targetHints":{"allow":["GET"]}}],"collection":[{"href":"https:\/\/www.guitrans.eus\/eu\/wp-json\/wp\/v2\/posts"}],"about":[{"href":"https:\/\/www.guitrans.eus\/eu\/wp-json\/wp\/v2\/types\/post"}],"author":[{"embeddable":true,"href":"https:\/\/www.guitrans.eus\/eu\/wp-json\/wp\/v2\/users\/1"}],"replies":[{"embeddable":true,"href":"https:\/\/www.guitrans.eus\/eu\/wp-json\/wp\/v2\/comments?post=3624"}],"version-history":[{"count":0,"href":"https:\/\/www.guitrans.eus\/eu\/wp-json\/wp\/v2\/posts\/3624\/revisions"}],"wp:attachment":[{"href":"https:\/\/www.guitrans.eus\/eu\/wp-json\/wp\/v2\/media?parent=3624"}],"wp:term":[{"taxonomy":"category","embeddable":true,"href":"https:\/\/www.guitrans.eus\/eu\/wp-json\/wp\/v2\/categories?post=3624"},{"taxonomy":"post_tag","embeddable":true,"href":"https:\/\/www.guitrans.eus\/eu\/wp-json\/wp\/v2\/tags?post=3624"}],"curies":[{"name":"wp","href":"https:\/\/api.w.org\/{rel}","templated":true}]}}