{"id":3641,"date":"2013-07-12T00:00:00","date_gmt":"2013-07-11T22:00:00","guid":{"rendered":"https:\/\/guitrans.eus\/wp\/index.php\/2013\/07\/12\/ipc-del-mes-de-junio\/"},"modified":"2013-07-12T00:00:00","modified_gmt":"2013-07-11T22:00:00","slug":"ipc-del-mes-de-junio","status":"publish","type":"post","link":"https:\/\/www.guitrans.eus\/eu\/2013\/07\/12\/ipc-del-mes-de-junio\/","title":{"rendered":"IPC del mes de junio"},"content":{"rendered":"<p>En el conjunto de Espa\u00f1a, la subida de los precios de los carburantes y lubricantes elev\u00f3 la inflaci\u00f3n interanual en cuatro d\u00e9cimas hasta situarla en el 2,1 % mientras el IPC mensual subi\u00f3 el 0,1 %. Por territorios, en la CAV la mayor inflaci\u00f3n interanual se registr\u00f3 en Gipuzkoa (2,1%), por delante de Bizkaia (2,%) y Araba (1,7%). <\/p>\n<p>  Estado: 2,1%<br \/>\n  CAV: 2%<br \/>\n  Gipuzkoa: 2,1%<br \/>\n  Bizkaia: 2%<br \/>\n  Araba: 1,7%<br \/>\n  Navarra: 2%<\/p>\n","protected":false},"excerpt":{"rendered":"<p>En el conjunto de Espa\u00f1a, la subida de los precios<a href=\"https:\/\/www.guitrans.eus\/eu\/2013\/07\/12\/ipc-del-mes-de-junio\/\" rel=\"nofollow\">Seguir leyendo&#8230;<\/a><\/p>\n","protected":false},"author":1,"featured_media":0,"comment_status":"open","ping_status":"open","sticky":false,"template":"","format":"standard","meta":{"footnotes":""},"categories":[10],"tags":[],"class_list":["post-3641","post","type-post","status-publish","format-standard","hentry","category-economia"],"_links":{"self":[{"href":"https:\/\/www.guitrans.eus\/eu\/wp-json\/wp\/v2\/posts\/3641","targetHints":{"allow":["GET"]}}],"collection":[{"href":"https:\/\/www.guitrans.eus\/eu\/wp-json\/wp\/v2\/posts"}],"about":[{"href":"https:\/\/www.guitrans.eus\/eu\/wp-json\/wp\/v2\/types\/post"}],"author":[{"embeddable":true,"href":"https:\/\/www.guitrans.eus\/eu\/wp-json\/wp\/v2\/users\/1"}],"replies":[{"embeddable":true,"href":"https:\/\/www.guitrans.eus\/eu\/wp-json\/wp\/v2\/comments?post=3641"}],"version-history":[{"count":0,"href":"https:\/\/www.guitrans.eus\/eu\/wp-json\/wp\/v2\/posts\/3641\/revisions"}],"wp:attachment":[{"href":"https:\/\/www.guitrans.eus\/eu\/wp-json\/wp\/v2\/media?parent=3641"}],"wp:term":[{"taxonomy":"category","embeddable":true,"href":"https:\/\/www.guitrans.eus\/eu\/wp-json\/wp\/v2\/categories?post=3641"},{"taxonomy":"post_tag","embeddable":true,"href":"https:\/\/www.guitrans.eus\/eu\/wp-json\/wp\/v2\/tags?post=3641"}],"curies":[{"name":"wp","href":"https:\/\/api.w.org\/{rel}","templated":true}]}}