{"id":3733,"date":"2013-10-02T00:00:00","date_gmt":"2013-10-01T22:00:00","guid":{"rendered":"https:\/\/guitrans.eus\/wp\/index.php\/2013\/10\/02\/francia-obligacion-de-informar-sobre-las-emisiones-de-co2\/"},"modified":"2013-10-02T00:00:00","modified_gmt":"2013-10-01T22:00:00","slug":"francia-obligacion-de-informar-sobre-las-emisiones-de-co2","status":"publish","type":"post","link":"https:\/\/www.guitrans.eus\/eu\/2013\/10\/02\/francia-obligacion-de-informar-sobre-las-emisiones-de-co2\/","title":{"rendered":"Francia: obligaci\u00f3n de informar sobre las emisiones de CO2"},"content":{"rendered":"<p>Esta obligaci\u00f3n de comunicar sobre las emisiones de CO2 realizadas por el transporte en cuesti\u00f3n afecta tanto a viajeros como a mercanc\u00edas.\u00bfC\u00f3mo ha de realizarse esta comunicaci\u00f3n?La forma de hacerlo es libre, pero se aconseja que en todo caso sea por escrito. Normalmente se realizar\u00e1 en la factura.\u00bfQu\u00e9 plazo hay para realizar esta comunicaci\u00f3n?El plazo de informaci\u00f3n ser\u00e1 de dos meses desde la realizaci\u00f3n del transporte, salvo pacto contrario. En caso de omisi\u00f3n o aportaci\u00f3n incorrecta el cliente deber\u00e1 requerirla en el plazo de un mes y el transportista tendr\u00e1 otros dos meses para proporcionarla.M\u00e9todo de c\u00e1lculoHay varios m\u00e9todos de c\u00e1lculo, el de nivel 1 utiliza unos valores est\u00e1ndares fijados por decreto ministerial y podr\u00e1 ser utilizado por todas las empresas hasta el 1 de julio de 2016, a partir de esa fecha solo podr\u00e1n utilizarlos las empresas de menos de 50 empleados.Las empresas pueden optar por no utilizar estos valores est\u00e1ndar y realizar sus propios c\u00e1lculos para lo cual deber\u00e1n tener en cuenta tambi\u00e9n los trayectos en vac\u00edo. En el caso de utilizar los est\u00e1ndares los trayectos en vac\u00edo ya se han tomado en cuenta.Nota: en pr\u00f3ximas comunicaciones les indicaremos las f\u00f3rmulas a aplicar y los datos est\u00e1ndar.<\/p>\n","protected":false},"excerpt":{"rendered":"<p>El pasado 1 de octubre entr\u00f3 en vigor en Francia la obligaci\u00f3n de las empresas de transporte de informar a sus usuarios&nbsp; de las emisiones de CO2 del transporte realizado. La obligaci\u00f3n afecta a todos los transportes con origen o destino en Francia (tanto internacionales como de cabotaje) quedando eximidos de esta obligaci\u00f3n \u00fanicamente los transportes en tr\u00e1nsito, sin carga o descarga en Francia.<\/p>\n","protected":false},"author":1,"featured_media":0,"comment_status":"open","ping_status":"open","sticky":false,"template":"","format":"standard","meta":{"footnotes":""},"categories":[12],"tags":[],"class_list":["post-3733","post","type-post","status-publish","format-standard","hentry","category-europa"],"_links":{"self":[{"href":"https:\/\/www.guitrans.eus\/eu\/wp-json\/wp\/v2\/posts\/3733","targetHints":{"allow":["GET"]}}],"collection":[{"href":"https:\/\/www.guitrans.eus\/eu\/wp-json\/wp\/v2\/posts"}],"about":[{"href":"https:\/\/www.guitrans.eus\/eu\/wp-json\/wp\/v2\/types\/post"}],"author":[{"embeddable":true,"href":"https:\/\/www.guitrans.eus\/eu\/wp-json\/wp\/v2\/users\/1"}],"replies":[{"embeddable":true,"href":"https:\/\/www.guitrans.eus\/eu\/wp-json\/wp\/v2\/comments?post=3733"}],"version-history":[{"count":0,"href":"https:\/\/www.guitrans.eus\/eu\/wp-json\/wp\/v2\/posts\/3733\/revisions"}],"wp:attachment":[{"href":"https:\/\/www.guitrans.eus\/eu\/wp-json\/wp\/v2\/media?parent=3733"}],"wp:term":[{"taxonomy":"category","embeddable":true,"href":"https:\/\/www.guitrans.eus\/eu\/wp-json\/wp\/v2\/categories?post=3733"},{"taxonomy":"post_tag","embeddable":true,"href":"https:\/\/www.guitrans.eus\/eu\/wp-json\/wp\/v2\/tags?post=3733"}],"curies":[{"name":"wp","href":"https:\/\/api.w.org\/{rel}","templated":true}]}}