{"id":3874,"date":"2013-12-18T00:00:00","date_gmt":"2013-12-17T23:00:00","guid":{"rendered":"https:\/\/guitrans.eus\/wp\/index.php\/2013\/12\/18\/el-congreso-aprueba-la-reforma-de-la-ley-sobre-trafico\/"},"modified":"2013-12-18T00:00:00","modified_gmt":"2013-12-17T23:00:00","slug":"el-congreso-aprueba-la-reforma-de-la-ley-sobre-trafico","status":"publish","type":"post","link":"https:\/\/www.guitrans.eus\/eu\/2013\/12\/18\/el-congreso-aprueba-la-reforma-de-la-ley-sobre-trafico\/","title":{"rendered":"El Congreso aprueba la reforma de la Ley sobre Tr\u00e1fico"},"content":{"rendered":"<p>Adem\u00e1s, en este proyecto de ley se fomenta la<br \/>\n&#8220;tolerancia cero&#8221; al consumo de drogas y fija una<br \/>\n sanci\u00f3n de 1.000 euros por conducir duplicando la tasa de alcohol, a los que se nieguen a realizar la prueba o sean reincidentes. El texto<br \/>\ntambi\u00e9n proh\u00edbe los detectores de radar (no los avisadores,<br \/>\nque continuar\u00e1n siendo legales), crea la Conferencia Sectorial de<br \/>\nTr\u00e1fico y Seguridad Vial y Movilidad Sostenible, que reunir\u00e1 a las<br \/>\ncomunidades que hayan asumido las competencias de tr\u00e1fico con el<br \/>\nGobierno espa\u00f1ol y refuerzan las labores de control y supervisi\u00f3n a las<br \/>\nautoescuelas y centros de reconocimiento m\u00e9dicos. Otro de los acuerdos alcanzados fue que el color de la se\u00f1al luminosa de<br \/>\n todos los veh\u00edculos prioritarios, como las ambulancias, sea azul y no<br \/>\namarillo, ya que este color va asociado a veh\u00edculos lentos. Eso s\u00ed, se<br \/>\nacord\u00f3 que esta modalidad se recogiera en el nuevo Reglamento General de<br \/>\n Circulaci\u00f3n, que desarrollar\u00e1 la ley tras su aprobaci\u00f3n definitiva. Matriculaci\u00f3n de veh\u00edculosSe propone tambi\u00e9n que deber\u00e1n ser objeto de matriculaci\u00f3n<br \/>\ndefinitiva en Espa\u00f1a los veh\u00edculos con matr\u00edcula extranjera que se<br \/>\nutilizan en Espa\u00f1a por residentes del pa\u00eds, ya que no figuran en el<br \/>\nRegistro de Veh\u00edculos actualmente. A su vez se ha agregado al articulado de la ley la prohibici\u00f3n de<br \/>\ndar de baja definitiva por traslado a otro pa\u00eds a veh\u00edculos que no<br \/>\ncumplan los requisitos de seguridad y medioambientales que se<br \/>\nestablezcan reglamentariamente.<\/p>\n","protected":false},"excerpt":{"rendered":"<p>La Comisi\u00f3n de Interior del Congreso de los Diputados ha aprobado este martes la reforma de la Ley sobre Tr\u00e1fico,<br \/>\nCirculaci\u00f3n de Veh\u00edculos a Motor y Seguridad Vial. La normativa  contempla un cambio en las velocidades<br \/>\nm\u00e1ximas y m\u00ednimas  autorizadas para la circulaci\u00f3n de veh\u00edculos,<br \/>\nalcanzando los 130  kil\u00f3metros por hora en algunos tramos de carreteras,<br \/>\n as\u00ed como las  sanciones econ\u00f3micas ante una previsible infracci\u00f3n.<br \/>\nEso s\u00ed, en el texto que se est\u00e1 tramitando no especifica c\u00f3mo se<br \/>\nfijar\u00e1n estos l\u00edmites y se remite al Reglamento General de Circulaci\u00f3n<br \/>\nposterior que desarrolle esta ley. Los lugares con prohibiciones u<br \/>\nobligaciones espec\u00edficas de velocidad ser\u00e1n se\u00f1alizados con car\u00e1cter<br \/>\npermanente, o temporal en su caso.&nbsp;<\/p>\n","protected":false},"author":1,"featured_media":0,"comment_status":"open","ping_status":"open","sticky":false,"template":"","format":"standard","meta":{"footnotes":""},"categories":[88],"tags":[],"class_list":["post-3874","post","type-post","status-publish","format-standard","hentry","category-araudia"],"_links":{"self":[{"href":"https:\/\/www.guitrans.eus\/eu\/wp-json\/wp\/v2\/posts\/3874","targetHints":{"allow":["GET"]}}],"collection":[{"href":"https:\/\/www.guitrans.eus\/eu\/wp-json\/wp\/v2\/posts"}],"about":[{"href":"https:\/\/www.guitrans.eus\/eu\/wp-json\/wp\/v2\/types\/post"}],"author":[{"embeddable":true,"href":"https:\/\/www.guitrans.eus\/eu\/wp-json\/wp\/v2\/users\/1"}],"replies":[{"embeddable":true,"href":"https:\/\/www.guitrans.eus\/eu\/wp-json\/wp\/v2\/comments?post=3874"}],"version-history":[{"count":0,"href":"https:\/\/www.guitrans.eus\/eu\/wp-json\/wp\/v2\/posts\/3874\/revisions"}],"wp:attachment":[{"href":"https:\/\/www.guitrans.eus\/eu\/wp-json\/wp\/v2\/media?parent=3874"}],"wp:term":[{"taxonomy":"category","embeddable":true,"href":"https:\/\/www.guitrans.eus\/eu\/wp-json\/wp\/v2\/categories?post=3874"},{"taxonomy":"post_tag","embeddable":true,"href":"https:\/\/www.guitrans.eus\/eu\/wp-json\/wp\/v2\/tags?post=3874"}],"curies":[{"name":"wp","href":"https:\/\/api.w.org\/{rel}","templated":true}]}}