{"id":3976,"date":"2014-02-19T00:00:00","date_gmt":"2014-02-18T23:00:00","guid":{"rendered":"https:\/\/guitrans.eus\/wp\/index.php\/2014\/02\/19\/euskadi-la-comunidad-menos-castigada-por-la-crisis-segun-funcas\/"},"modified":"2014-02-19T00:00:00","modified_gmt":"2014-02-18T23:00:00","slug":"euskadi-la-comunidad-menos-castigada-por-la-crisis-segun-funcas","status":"publish","type":"post","link":"https:\/\/www.guitrans.eus\/eu\/2014\/02\/19\/euskadi-la-comunidad-menos-castigada-por-la-crisis-segun-funcas\/","title":{"rendered":"Euskadi, la comunidad menos castigada por la crisis seg\u00fan Funcas"},"content":{"rendered":"<p>La CAV y Navarra se encuentran, junto a Madrid y Castilla y Le\u00f3n, en el<br \/>\ngrupo de las comunidades aut\u00f3nomas que menos castigo han sufrido durante<br \/>\n esta crisis. Por el contrario, la Comunidad Valenciana, Andaluc\u00eda,<br \/>\nCastilla-La Mancha y Murcia son las cuatro autonom\u00edas que peor paradas<br \/>\nhan salido. La Fundaci\u00f3n de las Cajas de Ahorros (Funcas) as\u00ed lo revel\u00f3 ayer en la publicaci\u00f3n del \u00faltimo<br \/>\nn\u00famero de Papeles de Econom\u00eda Espa\u00f1ola. El estudio constata que existen diferencias &#8220;considerables&#8221; entre las<br \/>\ncomunidades entre el segundo trimestre de 2008 y el primer trimestre de<br \/>\n2013. Y es que seg\u00fan Funcas, aunque todas las comunidades se han visto<br \/>\ninmersas en esa &#8220;din\u00e1mica devastadora de ca\u00edda del PIB o de destrucci\u00f3n<br \/>\nde empleo&#8221;, no todas lo han hecho &#8220;por igual&#8221;.<\/p>\n","protected":false},"excerpt":{"rendered":"<p>La CAV y Navarra se encuentran, junto a Madrid y<a href=\"https:\/\/www.guitrans.eus\/eu\/2014\/02\/19\/euskadi-la-comunidad-menos-castigada-por-la-crisis-segun-funcas\/\" rel=\"nofollow\">Seguir leyendo&#8230;<\/a><\/p>\n","protected":false},"author":1,"featured_media":0,"comment_status":"open","ping_status":"open","sticky":false,"template":"","format":"standard","meta":{"footnotes":""},"categories":[10],"tags":[],"class_list":["post-3976","post","type-post","status-publish","format-standard","hentry","category-economia"],"_links":{"self":[{"href":"https:\/\/www.guitrans.eus\/eu\/wp-json\/wp\/v2\/posts\/3976","targetHints":{"allow":["GET"]}}],"collection":[{"href":"https:\/\/www.guitrans.eus\/eu\/wp-json\/wp\/v2\/posts"}],"about":[{"href":"https:\/\/www.guitrans.eus\/eu\/wp-json\/wp\/v2\/types\/post"}],"author":[{"embeddable":true,"href":"https:\/\/www.guitrans.eus\/eu\/wp-json\/wp\/v2\/users\/1"}],"replies":[{"embeddable":true,"href":"https:\/\/www.guitrans.eus\/eu\/wp-json\/wp\/v2\/comments?post=3976"}],"version-history":[{"count":0,"href":"https:\/\/www.guitrans.eus\/eu\/wp-json\/wp\/v2\/posts\/3976\/revisions"}],"wp:attachment":[{"href":"https:\/\/www.guitrans.eus\/eu\/wp-json\/wp\/v2\/media?parent=3976"}],"wp:term":[{"taxonomy":"category","embeddable":true,"href":"https:\/\/www.guitrans.eus\/eu\/wp-json\/wp\/v2\/categories?post=3976"},{"taxonomy":"post_tag","embeddable":true,"href":"https:\/\/www.guitrans.eus\/eu\/wp-json\/wp\/v2\/tags?post=3976"}],"curies":[{"name":"wp","href":"https:\/\/api.w.org\/{rel}","templated":true}]}}