{"id":4024,"date":"2014-03-12T00:00:00","date_gmt":"2014-03-11T23:00:00","guid":{"rendered":"https:\/\/guitrans.eus\/wp\/index.php\/2014\/03\/12\/presentado-gipuzkoa-sarean-en-ficoba-nuevo-modelo-de-relaciones-y-de-gobernanza-puesto-en-marcha-por-la-diputacion-foral-de-gipuzkoa\/"},"modified":"2014-03-12T00:00:00","modified_gmt":"2014-03-11T23:00:00","slug":"presentado-gipuzkoa-sarean-en-ficoba-nuevo-modelo-de-relaciones-y-de-gobernanza-puesto-en-marcha-por-la-diputacion-foral-de-gipuzkoa","status":"publish","type":"post","link":"https:\/\/www.guitrans.eus\/eu\/2014\/03\/12\/presentado-gipuzkoa-sarean-en-ficoba-nuevo-modelo-de-relaciones-y-de-gobernanza-puesto-en-marcha-por-la-diputacion-foral-de-gipuzkoa\/","title":{"rendered":"Presentado Gipuzkoa Sarean en Ficoba, nuevo modelo de relaciones y de gobernanza puesto en marcha por la Diputaci\u00f3n Foral de Gipuzkoa"},"content":{"rendered":"<p>La jornada celebrada hoy en FICOBA, bajo el nombre de Sarean Topaketak,<br \/>\nEncuentros Sarean, ten\u00eda por objeto conocer las experiencias que se<br \/>\nest\u00e1n llevando a cabo m\u00e1s all\u00e1 de Gipuzkoa, as\u00ed como compartir la que est\u00e1 realizando la propia Diputaci\u00f3n. El Diputado General, Mart\u00edn Garitano, ha anunciado que est\u00e1n elaborando un plan de choque de 6<br \/>\n millones para apoyar a las peque\u00f1as empresas en dificultades y en el<br \/>\nque colaboran las agencias comarcales de desarrollo. Adem\u00e1s,<br \/>\ndestinar\u00e1n fondos a empresas tecnol\u00f3gicas y tractoras, favorecer\u00e1n<br \/>\nla eficiencia energ\u00e9tica para reducir uno de los mayores costes que<br \/>\nafrontan nuestras industrias, y seguir\u00e1n impulsando el emprendimiento y<br \/>\n la apuesta por la investigaci\u00f3n. Todas estas l\u00edneas suman m\u00e1s de 25<br \/>\nmillones de euros. Ha adelantado igualmente que el gobierno foral est\u00e1 trabajando con la C\u00e1mara de Comercio y con las agencias<br \/>\ncomarcales para trabajar de forma coordinada en la internacionalizaci\u00f3n<br \/>\nde&nbsp; las empresas guipuzcoanas. Pr\u00f3ximamente, junto con el Presidente de la C\u00e1mara y de Garapen, que<br \/>\nagrupa a las agencias comarcales, facilitar\u00e1n m\u00e1s informaci\u00f3n en torno a<br \/>\neste acuerdo a tres bandas.<\/p>\n","protected":false},"excerpt":{"rendered":"<p>La jornada celebrada hoy en FICOBA, bajo el nombre de<a href=\"https:\/\/www.guitrans.eus\/eu\/2014\/03\/12\/presentado-gipuzkoa-sarean-en-ficoba-nuevo-modelo-de-relaciones-y-de-gobernanza-puesto-en-marcha-por-la-diputacion-foral-de-gipuzkoa\/\" rel=\"nofollow\">Seguir leyendo&#8230;<\/a><\/p>\n","protected":false},"author":1,"featured_media":0,"comment_status":"open","ping_status":"open","sticky":false,"template":"","format":"standard","meta":{"footnotes":""},"categories":[10],"tags":[],"class_list":["post-4024","post","type-post","status-publish","format-standard","hentry","category-economia"],"_links":{"self":[{"href":"https:\/\/www.guitrans.eus\/eu\/wp-json\/wp\/v2\/posts\/4024","targetHints":{"allow":["GET"]}}],"collection":[{"href":"https:\/\/www.guitrans.eus\/eu\/wp-json\/wp\/v2\/posts"}],"about":[{"href":"https:\/\/www.guitrans.eus\/eu\/wp-json\/wp\/v2\/types\/post"}],"author":[{"embeddable":true,"href":"https:\/\/www.guitrans.eus\/eu\/wp-json\/wp\/v2\/users\/1"}],"replies":[{"embeddable":true,"href":"https:\/\/www.guitrans.eus\/eu\/wp-json\/wp\/v2\/comments?post=4024"}],"version-history":[{"count":0,"href":"https:\/\/www.guitrans.eus\/eu\/wp-json\/wp\/v2\/posts\/4024\/revisions"}],"wp:attachment":[{"href":"https:\/\/www.guitrans.eus\/eu\/wp-json\/wp\/v2\/media?parent=4024"}],"wp:term":[{"taxonomy":"category","embeddable":true,"href":"https:\/\/www.guitrans.eus\/eu\/wp-json\/wp\/v2\/categories?post=4024"},{"taxonomy":"post_tag","embeddable":true,"href":"https:\/\/www.guitrans.eus\/eu\/wp-json\/wp\/v2\/tags?post=4024"}],"curies":[{"name":"wp","href":"https:\/\/api.w.org\/{rel}","templated":true}]}}