{"id":4037,"date":"2014-03-19T00:00:00","date_gmt":"2014-03-18T23:00:00","guid":{"rendered":"https:\/\/guitrans.eus\/wp\/index.php\/2014\/03\/19\/no-a-los-mega-camiones-en-europa\/"},"modified":"2014-03-19T00:00:00","modified_gmt":"2014-03-18T23:00:00","slug":"no-a-los-mega-camiones-en-europa","status":"publish","type":"post","link":"https:\/\/www.guitrans.eus\/eu\/2014\/03\/19\/no-a-los-mega-camiones-en-europa\/","title":{"rendered":"No a los mega camiones en Europa"},"content":{"rendered":"<p>Tal y como se informaba en el bolet\u00edn de noticias N\u00ba 1031, del pasado 19 de febrero, ante la falta de acuerdo, se aplazaba la votaci\u00f3n de la propuesta de revisi\u00f3n de la actual normativa de pesos y dimensiones para los veh\u00edculos industrialesa. Finalmente ayer los eurodiputados consiguieron alcanzar un compromiso. La Comisi\u00f3n de Transportes del Parlamento Europeo ha rechazado que los megacamiones puedan circular por varios pa\u00edses de la Uni\u00f3n Europea. Sin embargo, han introducido cambios en el dise\u00f1o de los camiones para adaptarlos a las innovaciones t\u00e9cnicas que permiten mejorar la aerodin\u00e1mica y la seguridad vial. Se podr\u00e1, por tanto, incrementar el tama\u00f1o de las cabinas. Adem\u00e1s, los camiones podr\u00e1n ser 15 cent\u00edmetros m\u00e1s largos, con tal de adaptarlos a los contenedores de 45 pies, con la intenci\u00f3n de potenciar el transporte multimodal.<\/p>\n","protected":false},"excerpt":{"rendered":"<p>Tal y como se informaba en el bolet\u00edn de noticias<a href=\"https:\/\/www.guitrans.eus\/eu\/2014\/03\/19\/no-a-los-mega-camiones-en-europa\/\" rel=\"nofollow\">Seguir leyendo&#8230;<\/a><\/p>\n","protected":false},"author":1,"featured_media":0,"comment_status":"open","ping_status":"open","sticky":false,"template":"","format":"standard","meta":{"footnotes":""},"categories":[12],"tags":[],"class_list":["post-4037","post","type-post","status-publish","format-standard","hentry","category-europa"],"_links":{"self":[{"href":"https:\/\/www.guitrans.eus\/eu\/wp-json\/wp\/v2\/posts\/4037","targetHints":{"allow":["GET"]}}],"collection":[{"href":"https:\/\/www.guitrans.eus\/eu\/wp-json\/wp\/v2\/posts"}],"about":[{"href":"https:\/\/www.guitrans.eus\/eu\/wp-json\/wp\/v2\/types\/post"}],"author":[{"embeddable":true,"href":"https:\/\/www.guitrans.eus\/eu\/wp-json\/wp\/v2\/users\/1"}],"replies":[{"embeddable":true,"href":"https:\/\/www.guitrans.eus\/eu\/wp-json\/wp\/v2\/comments?post=4037"}],"version-history":[{"count":0,"href":"https:\/\/www.guitrans.eus\/eu\/wp-json\/wp\/v2\/posts\/4037\/revisions"}],"wp:attachment":[{"href":"https:\/\/www.guitrans.eus\/eu\/wp-json\/wp\/v2\/media?parent=4037"}],"wp:term":[{"taxonomy":"category","embeddable":true,"href":"https:\/\/www.guitrans.eus\/eu\/wp-json\/wp\/v2\/categories?post=4037"},{"taxonomy":"post_tag","embeddable":true,"href":"https:\/\/www.guitrans.eus\/eu\/wp-json\/wp\/v2\/tags?post=4037"}],"curies":[{"name":"wp","href":"https:\/\/api.w.org\/{rel}","templated":true}]}}