{"id":4138,"date":"2014-05-20T00:00:00","date_gmt":"2014-05-19T22:00:00","guid":{"rendered":"https:\/\/guitrans.eus\/wp\/index.php\/2014\/05\/20\/centimo-sanitario-el-gobierno-espanol-reconoce-la-posibilidad-de-tener-que-proceder-al-pago-de-las-indemnizaciones-derivadas-de-la-sentencia-del-tribunal-supremo\/"},"modified":"2014-05-20T00:00:00","modified_gmt":"2014-05-19T22:00:00","slug":"centimo-sanitario-el-gobierno-espanol-reconoce-la-posibilidad-de-tener-que-proceder-al-pago-de-las-indemnizaciones-derivadas-de-la-sentencia-del-tribunal-supremo","status":"publish","type":"post","link":"https:\/\/www.guitrans.eus\/eu\/2014\/05\/20\/centimo-sanitario-el-gobierno-espanol-reconoce-la-posibilidad-de-tener-que-proceder-al-pago-de-las-indemnizaciones-derivadas-de-la-sentencia-del-tribunal-supremo\/","title":{"rendered":"C\u00e9ntimo Sanitario: El Gobierno espa\u00f1ol reconoce la posibilidad de tener que proceder al pago de \r\nlas indemnizaciones derivadas de la sentencia del Tribunal Supremo"},"content":{"rendered":"<p>&#8220;Se espera que dos acontecimientos recientes van a tener un impacto<br \/>\ncreciente sobre el d\u00e9ficit de alrededor de 0,1% del PIB en 2014.En primer lugar, la decisi\u00f3n del Tribunal Europeo de Justicia de<br \/>\nconsiderar ilegal la contribuci\u00f3n especial impuesta por las autonom\u00edas a<br \/>\n lo largo de diez a\u00f1os, conocido como el c\u00e9ntimo sanitario, podr\u00eda<br \/>\ndar lugar a demandas legales exitosas para el reembolso. En segundo<br \/>\nlugar, la rebaja de la seguridad social con una tarifa plana de pagos<br \/>\npara nuevos contratos de empleo permanente, que entraron en vigor en<br \/>\nfebrero de 2014 y al que las empresas pueden acceder hasta final del<br \/>\na\u00f1o&#8221;.<\/p>\n","protected":false},"excerpt":{"rendered":"<p>La Comisi\u00f3n Europea prev\u00e9 que las devoluciones a las que el Estado<br \/>\nEspa\u00f1ol tiene que hacer frente por la reciente sentencia del Tribunal<br \/>\nEuropeo sobre la ilegalidad del C\u00e9ntimo Sanitario, har\u00e1n incrementar el<br \/>\nd\u00e9ficit en Espa\u00f1a durante el 2014 en un 0,1 % sobre el PIB. En el informe Pron\u00f3stico Econ\u00f3mico Europeo Primavera 2014 la Comisi\u00f3n<br \/>\nEuropea ha hecho p\u00fablicas las perspectivas de la econom\u00eda individual de<br \/>\nlos Estados miembros a partir de las previsiones aportadas por los<br \/>\nmismos. En el caso de Espa\u00f1a y dentro del cap\u00edtulo Recuperaci\u00f3n de la<br \/>\nproducci\u00f3n para ayudar a las reducciones de d\u00e9ficit en curso se<br \/>\nreconoce lo siguiente:<\/p>\n","protected":false},"author":1,"featured_media":0,"comment_status":"open","ping_status":"open","sticky":false,"template":"","format":"standard","meta":{"footnotes":""},"categories":[91],"tags":[],"class_list":["post-4138","post","type-post","status-publish","format-standard","hentry","category-errekina"],"_links":{"self":[{"href":"https:\/\/www.guitrans.eus\/eu\/wp-json\/wp\/v2\/posts\/4138","targetHints":{"allow":["GET"]}}],"collection":[{"href":"https:\/\/www.guitrans.eus\/eu\/wp-json\/wp\/v2\/posts"}],"about":[{"href":"https:\/\/www.guitrans.eus\/eu\/wp-json\/wp\/v2\/types\/post"}],"author":[{"embeddable":true,"href":"https:\/\/www.guitrans.eus\/eu\/wp-json\/wp\/v2\/users\/1"}],"replies":[{"embeddable":true,"href":"https:\/\/www.guitrans.eus\/eu\/wp-json\/wp\/v2\/comments?post=4138"}],"version-history":[{"count":0,"href":"https:\/\/www.guitrans.eus\/eu\/wp-json\/wp\/v2\/posts\/4138\/revisions"}],"wp:attachment":[{"href":"https:\/\/www.guitrans.eus\/eu\/wp-json\/wp\/v2\/media?parent=4138"}],"wp:term":[{"taxonomy":"category","embeddable":true,"href":"https:\/\/www.guitrans.eus\/eu\/wp-json\/wp\/v2\/categories?post=4138"},{"taxonomy":"post_tag","embeddable":true,"href":"https:\/\/www.guitrans.eus\/eu\/wp-json\/wp\/v2\/tags?post=4138"}],"curies":[{"name":"wp","href":"https:\/\/api.w.org\/{rel}","templated":true}]}}