{"id":4142,"date":"2014-05-21T00:00:00","date_gmt":"2014-05-20T22:00:00","guid":{"rendered":"https:\/\/guitrans.eus\/wp\/index.php\/2014\/05\/21\/la-tarifa-plana-de-100-euros-a-la-contratacion-indefinida-se-ampliara-a-los-socios-trabajadores-de-las-cooperativas\/"},"modified":"2014-05-21T00:00:00","modified_gmt":"2014-05-20T22:00:00","slug":"la-tarifa-plana-de-100-euros-a-la-contratacion-indefinida-se-ampliara-a-los-socios-trabajadores-de-las-cooperativas","status":"publish","type":"post","link":"https:\/\/www.guitrans.eus\/eu\/2014\/05\/21\/la-tarifa-plana-de-100-euros-a-la-contratacion-indefinida-se-ampliara-a-los-socios-trabajadores-de-las-cooperativas\/","title":{"rendered":"La Tarifa Plana de 100 euros a la contrataci\u00f3n indefinida se ampliar\u00e1 a los socios trabajadores de las cooperativas"},"content":{"rendered":"<p>La Ministra de Empleo y Seguridad Social, F\u00e1tima B\u00e1\u00f1ez, ha anunciado recientemente la ampliaci\u00f3n de la Tarifa Plana de 100 euros para la contrataci\u00f3n indefinida a aquellos emprendedores que se incorporen como socios trabajadores a una cooperativa o a una sociedad laboral, con el objetivo de facilitar la incorporaci\u00f3n de nuevos socios a las entidades de la Econom\u00eda Social, y que este sector contribuya a la estabilidad en el empleo.<\/p>\n","protected":false},"excerpt":{"rendered":"<p>La Ministra de Empleo y Seguridad Social, F\u00e1tima B\u00e1\u00f1ez, ha<a href=\"https:\/\/www.guitrans.eus\/eu\/2014\/05\/21\/la-tarifa-plana-de-100-euros-a-la-contratacion-indefinida-se-ampliara-a-los-socios-trabajadores-de-las-cooperativas\/\" rel=\"nofollow\">Seguir leyendo&#8230;<\/a><\/p>\n","protected":false},"author":1,"featured_media":0,"comment_status":"open","ping_status":"open","sticky":false,"template":"","format":"standard","meta":{"footnotes":""},"categories":[88],"tags":[],"class_list":["post-4142","post","type-post","status-publish","format-standard","hentry","category-araudia"],"_links":{"self":[{"href":"https:\/\/www.guitrans.eus\/eu\/wp-json\/wp\/v2\/posts\/4142","targetHints":{"allow":["GET"]}}],"collection":[{"href":"https:\/\/www.guitrans.eus\/eu\/wp-json\/wp\/v2\/posts"}],"about":[{"href":"https:\/\/www.guitrans.eus\/eu\/wp-json\/wp\/v2\/types\/post"}],"author":[{"embeddable":true,"href":"https:\/\/www.guitrans.eus\/eu\/wp-json\/wp\/v2\/users\/1"}],"replies":[{"embeddable":true,"href":"https:\/\/www.guitrans.eus\/eu\/wp-json\/wp\/v2\/comments?post=4142"}],"version-history":[{"count":0,"href":"https:\/\/www.guitrans.eus\/eu\/wp-json\/wp\/v2\/posts\/4142\/revisions"}],"wp:attachment":[{"href":"https:\/\/www.guitrans.eus\/eu\/wp-json\/wp\/v2\/media?parent=4142"}],"wp:term":[{"taxonomy":"category","embeddable":true,"href":"https:\/\/www.guitrans.eus\/eu\/wp-json\/wp\/v2\/categories?post=4142"},{"taxonomy":"post_tag","embeddable":true,"href":"https:\/\/www.guitrans.eus\/eu\/wp-json\/wp\/v2\/tags?post=4142"}],"curies":[{"name":"wp","href":"https:\/\/api.w.org\/{rel}","templated":true}]}}