{"id":4159,"date":"2014-06-09T00:00:00","date_gmt":"2014-06-08T22:00:00","guid":{"rendered":"https:\/\/guitrans.eus\/wp\/index.php\/2014\/06\/09\/se-rebajara-el-peaje-de-las-autopistas-en-las-horas-de-menos-trafico\/"},"modified":"2014-06-09T00:00:00","modified_gmt":"2014-06-08T22:00:00","slug":"se-rebajara-el-peaje-de-las-autopistas-en-las-horas-de-menos-trafico","status":"publish","type":"post","link":"https:\/\/www.guitrans.eus\/eu\/2014\/06\/09\/se-rebajara-el-peaje-de-las-autopistas-en-las-horas-de-menos-trafico\/","title":{"rendered":"Se rebajar\u00e1 el peaje de las autopistas en las horas de menos tr\u00e1fico"},"content":{"rendered":"<p>El Gobierno prev\u00e9 modificar la tarificaci\u00f3n de la red de autopistas de peaje para abaratar el precio de estas v\u00edas en las horas valle, que son aquellas que registran menor intensidad de tr\u00e1fico. As\u00ed se recoge en el Plan de medidas para el crecimiento, la competitividad y la eficiencia aprobado el viernes pasado por el Consejo de Ministros. El cap\u00edtulo del plan dedicado a la mejora de las infraestructuras y el transporte incluye dentro de sus medidas &#8220;la adecuaci\u00f3n de la tarificaci\u00f3n de las autopistas para abaratar las tarifas en horas valle&#8221;.<\/p>\n","protected":false},"excerpt":{"rendered":"<p>El Gobierno prev\u00e9 modificar la tarificaci\u00f3n de la red de<a href=\"https:\/\/www.guitrans.eus\/eu\/2014\/06\/09\/se-rebajara-el-peaje-de-las-autopistas-en-las-horas-de-menos-trafico\/\" rel=\"nofollow\">Seguir leyendo&#8230;<\/a><\/p>\n","protected":false},"author":1,"featured_media":0,"comment_status":"open","ping_status":"open","sticky":false,"template":"","format":"standard","meta":{"footnotes":""},"categories":[100],"tags":[],"class_list":["post-4159","post","type-post","status-publish","format-standard","hentry","category-azpiegiturak"],"_links":{"self":[{"href":"https:\/\/www.guitrans.eus\/eu\/wp-json\/wp\/v2\/posts\/4159","targetHints":{"allow":["GET"]}}],"collection":[{"href":"https:\/\/www.guitrans.eus\/eu\/wp-json\/wp\/v2\/posts"}],"about":[{"href":"https:\/\/www.guitrans.eus\/eu\/wp-json\/wp\/v2\/types\/post"}],"author":[{"embeddable":true,"href":"https:\/\/www.guitrans.eus\/eu\/wp-json\/wp\/v2\/users\/1"}],"replies":[{"embeddable":true,"href":"https:\/\/www.guitrans.eus\/eu\/wp-json\/wp\/v2\/comments?post=4159"}],"version-history":[{"count":0,"href":"https:\/\/www.guitrans.eus\/eu\/wp-json\/wp\/v2\/posts\/4159\/revisions"}],"wp:attachment":[{"href":"https:\/\/www.guitrans.eus\/eu\/wp-json\/wp\/v2\/media?parent=4159"}],"wp:term":[{"taxonomy":"category","embeddable":true,"href":"https:\/\/www.guitrans.eus\/eu\/wp-json\/wp\/v2\/categories?post=4159"},{"taxonomy":"post_tag","embeddable":true,"href":"https:\/\/www.guitrans.eus\/eu\/wp-json\/wp\/v2\/tags?post=4159"}],"curies":[{"name":"wp","href":"https:\/\/api.w.org\/{rel}","templated":true}]}}