{"id":4248,"date":"2014-09-22T00:00:00","date_gmt":"2014-09-21T22:00:00","guid":{"rendered":"https:\/\/guitrans.eus\/wp\/index.php\/2014\/09\/22\/belgica-esta-sancionando-por-realizar-los-descansos-semanales-de-45-horas-a-bordo-del-camion\/"},"modified":"2014-09-22T00:00:00","modified_gmt":"2014-09-21T22:00:00","slug":"belgica-esta-sancionando-por-realizar-los-descansos-semanales-de-45-horas-a-bordo-del-camion","status":"publish","type":"post","link":"https:\/\/www.guitrans.eus\/eu\/2014\/09\/22\/belgica-esta-sancionando-por-realizar-los-descansos-semanales-de-45-horas-a-bordo-del-camion\/","title":{"rendered":"B\u00e9lgica est\u00e1 sancionando por realizar los descansos semanales de 45 horas a bordo del cami\u00f3n"},"content":{"rendered":"<p>Seg\u00fan la informaci\u00f3n facilitada por ASTIC, las autoridades belgas est\u00e1n realizando controles sistem\u00e1ticos en sus \u00e1reas de descanso para comprobar que los conductores no realizan descansos semanales normales (de m\u00e1s de 45 horas) a bordo de los veh\u00edculos. Se recomienda, por tanto, que antes de realizar un descanso semanal en B\u00e9lgica a bordo del veh\u00edculo se compruebe que el descanso de la semana anterior no fue un descanso reducido (de menos de 45 horas). Y, adem\u00e1s, se interrumpa ese descanso antes de las 45 horas.<\/p>\n","protected":false},"excerpt":{"rendered":"<p>Seg\u00fan la informaci\u00f3n facilitada por ASTIC, las autoridades belgas est\u00e1n<a href=\"https:\/\/www.guitrans.eus\/eu\/2014\/09\/22\/belgica-esta-sancionando-por-realizar-los-descansos-semanales-de-45-horas-a-bordo-del-camion\/\" rel=\"nofollow\">Seguir leyendo&#8230;<\/a><\/p>\n","protected":false},"author":1,"featured_media":0,"comment_status":"open","ping_status":"open","sticky":false,"template":"","format":"standard","meta":{"footnotes":""},"categories":[87],"tags":[],"class_list":["post-4248","post","type-post","status-publish","format-standard","hentry","category-europa-eu"],"_links":{"self":[{"href":"https:\/\/www.guitrans.eus\/eu\/wp-json\/wp\/v2\/posts\/4248","targetHints":{"allow":["GET"]}}],"collection":[{"href":"https:\/\/www.guitrans.eus\/eu\/wp-json\/wp\/v2\/posts"}],"about":[{"href":"https:\/\/www.guitrans.eus\/eu\/wp-json\/wp\/v2\/types\/post"}],"author":[{"embeddable":true,"href":"https:\/\/www.guitrans.eus\/eu\/wp-json\/wp\/v2\/users\/1"}],"replies":[{"embeddable":true,"href":"https:\/\/www.guitrans.eus\/eu\/wp-json\/wp\/v2\/comments?post=4248"}],"version-history":[{"count":0,"href":"https:\/\/www.guitrans.eus\/eu\/wp-json\/wp\/v2\/posts\/4248\/revisions"}],"wp:attachment":[{"href":"https:\/\/www.guitrans.eus\/eu\/wp-json\/wp\/v2\/media?parent=4248"}],"wp:term":[{"taxonomy":"category","embeddable":true,"href":"https:\/\/www.guitrans.eus\/eu\/wp-json\/wp\/v2\/categories?post=4248"},{"taxonomy":"post_tag","embeddable":true,"href":"https:\/\/www.guitrans.eus\/eu\/wp-json\/wp\/v2\/tags?post=4248"}],"curies":[{"name":"wp","href":"https:\/\/api.w.org\/{rel}","templated":true}]}}