{"id":4274,"date":"2014-10-22T00:00:00","date_gmt":"2014-10-21T22:00:00","guid":{"rendered":"https:\/\/guitrans.eus\/wp\/index.php\/2014\/10\/22\/violeta-bulc-en-sustitucion-de-maros-sefcovic-nueva-candidata-para-comisaria-europea-de-transportes\/"},"modified":"2014-10-22T00:00:00","modified_gmt":"2014-10-21T22:00:00","slug":"violeta-bulc-en-sustitucion-de-maros-sefcovic-nueva-candidata-para-comisaria-europea-de-transportes","status":"publish","type":"post","link":"https:\/\/www.guitrans.eus\/eu\/2014\/10\/22\/violeta-bulc-en-sustitucion-de-maros-sefcovic-nueva-candidata-para-comisaria-europea-de-transportes\/","title":{"rendered":"Violeta Bulc, en sustituci\u00f3n de Maros Sefcovic, nueva candidata para Comisaria Europea de Transportes"},"content":{"rendered":"<p>Jean-Claude Juncker, Presidente electo de la Comisi\u00f3n Europea, ha asignado a la candidata eslovena Violeta Bulc la cartera de Transporte. La Comisi\u00f3n de Transportes del Parlamento Europeo ha dado su visto bueno<br \/>\n a que sea ella la pr\u00f3xima Comisaria de Transportes, despu\u00e9s de<br \/>\nla audiencia a la que se someti\u00f3 en la Euroc\u00e1mara. Maros Sefcovic, Comisario designado del ramo hasta ahora, pasa a optar a la Vicepresidencia de Uni\u00f3n Energ\u00e9tica que dej\u00f3 vacante Alenka Bratusek tras su retirada.<\/p>\n","protected":false},"excerpt":{"rendered":"<p>Jean-Claude Juncker, Presidente electo de la Comisi\u00f3n Europea, ha asignado<a href=\"https:\/\/www.guitrans.eus\/eu\/2014\/10\/22\/violeta-bulc-en-sustitucion-de-maros-sefcovic-nueva-candidata-para-comisaria-europea-de-transportes\/\" rel=\"nofollow\">Seguir leyendo&#8230;<\/a><\/p>\n","protected":false},"author":1,"featured_media":0,"comment_status":"open","ping_status":"open","sticky":false,"template":"","format":"standard","meta":{"footnotes":""},"categories":[87],"tags":[],"class_list":["post-4274","post","type-post","status-publish","format-standard","hentry","category-europa-eu"],"_links":{"self":[{"href":"https:\/\/www.guitrans.eus\/eu\/wp-json\/wp\/v2\/posts\/4274","targetHints":{"allow":["GET"]}}],"collection":[{"href":"https:\/\/www.guitrans.eus\/eu\/wp-json\/wp\/v2\/posts"}],"about":[{"href":"https:\/\/www.guitrans.eus\/eu\/wp-json\/wp\/v2\/types\/post"}],"author":[{"embeddable":true,"href":"https:\/\/www.guitrans.eus\/eu\/wp-json\/wp\/v2\/users\/1"}],"replies":[{"embeddable":true,"href":"https:\/\/www.guitrans.eus\/eu\/wp-json\/wp\/v2\/comments?post=4274"}],"version-history":[{"count":0,"href":"https:\/\/www.guitrans.eus\/eu\/wp-json\/wp\/v2\/posts\/4274\/revisions"}],"wp:attachment":[{"href":"https:\/\/www.guitrans.eus\/eu\/wp-json\/wp\/v2\/media?parent=4274"}],"wp:term":[{"taxonomy":"category","embeddable":true,"href":"https:\/\/www.guitrans.eus\/eu\/wp-json\/wp\/v2\/categories?post=4274"},{"taxonomy":"post_tag","embeddable":true,"href":"https:\/\/www.guitrans.eus\/eu\/wp-json\/wp\/v2\/tags?post=4274"}],"curies":[{"name":"wp","href":"https:\/\/api.w.org\/{rel}","templated":true}]}}