{"id":429,"date":"2008-08-12T00:00:00","date_gmt":"2008-08-11T22:00:00","guid":{"rendered":"https:\/\/guitrans.eus\/wp\/index.php\/2008\/08\/12\/el-proximo-jueves-14-de-agosto-entran-en-vigor-las-ardenes-ministeriales-incluidas-en-los-acuerdos-del-pasado-11-de-junio\/"},"modified":"2008-08-12T00:00:00","modified_gmt":"2008-08-11T22:00:00","slug":"el-proximo-jueves-14-de-agosto-entran-en-vigor-las-ardenes-ministeriales-incluidas-en-los-acuerdos-del-pasado-11-de-junio","status":"publish","type":"post","link":"https:\/\/www.guitrans.eus\/eu\/2008\/08\/12\/el-proximo-jueves-14-de-agosto-entran-en-vigor-las-ardenes-ministeriales-incluidas-en-los-acuerdos-del-pasado-11-de-junio\/","title":{"rendered":"El pr\u00f3ximo jueves, 14 de agosto, entran en vigor las \u00c3?rdenes Ministeriales incluidas en los Acuerdos del pasado 11 de junio"},"content":{"rendered":"<p>Acceso a las \u00c3?rdenes Ministeriales: <\/p>\n<p>      Orden FOM\/2181\/2008, de 22 de julio, por la que se dictan reglas sobre la realizaci\u00f3n de transportes de cabotaje en Espa\u00f1a.<br \/>\n      Orden FOM\/2184\/2008, de 23 de julio, por la que se modifica la Orden de 25 de abril de 1997, del Ministerio de Fomento, por la que se establecen las condiciones generales de contrataci\u00f3n de los transportes de mercanc\u00edas por carretera. Cla\u00fasula de actualizaci\u00f3n precios.<br \/>\n      Orden FOM\/2185\/2008, de 23 de julio, por la que se modifica la Orden FOM\/734\/2007, de 20 de marzo, en materia de autorizaciones de transporte de mercanc\u00edas por carretera.<\/p>\n<p>    La actualizaci\u00f3n autom\u00e1tica de precios del transporte en funci\u00f3n de la subida del precio del gas\u00f3leo es una medida, ineludible, para garantizar la supervivencia de las empresas, tanto que teniendo en cuenta las caracter\u00edsticas del sector, se deber\u00eda garantizar la aplicaci\u00f3n obligatoria de la misma por parte de las empresas cargadoras, y para ello pensamos que es importante reforzar la obligaci\u00f3n de esta repercusi\u00f3n indispensable introduciendo una sanci\u00f3n penal para aquellos casos en que no se aplique, tal como se est\u00e1 proponiendo por parte del Gobierno franc\u00e9s, donde est\u00e1n preparando una modificaci\u00f3n normativa para imponer una sanci\u00f3n econ\u00f3mica en tales casos. No olvidemos las graves consecuencias que puede conllevar un mercado de transporte que no consiga la rentabilidad suficiente para renovar sus flotas, y trabajar con criterios de seguridad y de calidad.<\/p>\n","protected":false},"excerpt":{"rendered":"<p>Como ya informamos en el bolet\u00edn de noticias N\u00ba 550, el 25 de julio se publicaron en el BOE tres de las cuatro \u00c3?rdenes Ministeriales acordadas en ejecuci\u00f3n de lo firmado entre el Gobierno y el sector del transporte de mercanc\u00edas por carretera el pasado 11 de junio, la \u00faltima de las cuales, referida a las nuevas bases reguladoras de las ayudas para el cese, lo hizo cuatro d\u00edas m\u00e1s tarde, esto es, el 29 de julio. Las tres normas, que regulan las nuevas condiciones generales de contrataci\u00f3n con la cl\u00e1usula autom\u00e1tica de revisi\u00f3n de precios en funci\u00f3n de la variaci\u00f3n en el precio del gasoil, las nuevas&nbsp;normas de cabotaje y las modificaciones en el R\u00e9gimen Jur\u00eddico de Autorizaciones, entran en vigor el jueves 14 de agosto.<\/p>\n","protected":false},"author":1,"featured_media":0,"comment_status":"open","ping_status":"open","sticky":false,"template":"","format":"standard","meta":{"footnotes":""},"categories":[1],"tags":[],"class_list":["post-429","post","type-post","status-publish","format-standard","hentry","category-sin-categorizar"],"_links":{"self":[{"href":"https:\/\/www.guitrans.eus\/eu\/wp-json\/wp\/v2\/posts\/429","targetHints":{"allow":["GET"]}}],"collection":[{"href":"https:\/\/www.guitrans.eus\/eu\/wp-json\/wp\/v2\/posts"}],"about":[{"href":"https:\/\/www.guitrans.eus\/eu\/wp-json\/wp\/v2\/types\/post"}],"author":[{"embeddable":true,"href":"https:\/\/www.guitrans.eus\/eu\/wp-json\/wp\/v2\/users\/1"}],"replies":[{"embeddable":true,"href":"https:\/\/www.guitrans.eus\/eu\/wp-json\/wp\/v2\/comments?post=429"}],"version-history":[{"count":0,"href":"https:\/\/www.guitrans.eus\/eu\/wp-json\/wp\/v2\/posts\/429\/revisions"}],"wp:attachment":[{"href":"https:\/\/www.guitrans.eus\/eu\/wp-json\/wp\/v2\/media?parent=429"}],"wp:term":[{"taxonomy":"category","embeddable":true,"href":"https:\/\/www.guitrans.eus\/eu\/wp-json\/wp\/v2\/categories?post=429"},{"taxonomy":"post_tag","embeddable":true,"href":"https:\/\/www.guitrans.eus\/eu\/wp-json\/wp\/v2\/tags?post=429"}],"curies":[{"name":"wp","href":"https:\/\/api.w.org\/{rel}","templated":true}]}}