{"id":4306,"date":"2014-11-13T00:00:00","date_gmt":"2014-11-12T23:00:00","guid":{"rendered":"https:\/\/guitrans.eus\/wp\/index.php\/2014\/11\/13\/ultima-hora-desconvocado-el-paro-de-transporte\/"},"modified":"2014-11-13T00:00:00","modified_gmt":"2014-11-12T23:00:00","slug":"ultima-hora-desconvocado-el-paro-de-transporte","status":"publish","type":"post","link":"https:\/\/www.guitrans.eus\/eu\/2014\/11\/13\/ultima-hora-desconvocado-el-paro-de-transporte\/","title":{"rendered":"\u00a1\u00daLTIMA HORA! Desconvocado el paro de transporte"},"content":{"rendered":"<p>Hoy a las 13:00 horas se ha procedido a la firma del Acuerdo entre el Comit\u00e9 Nacional de Transporte por Carretera (CNTC) y el Ministerio de Hacienda, por lo que queda desconvocado el paro de transporte que hab\u00eda anunciado a partir del 17 de noviembre. <\/p>\n<p>  En el acuerdo suscrito este mediod\u00eda se indica expresamente que las devoluciones solicitadas no se ver\u00e1n minoradas por la aplicaci\u00f3n de m\u00ednimo impositivo europeo, por lo que las cantidades reclamadas se devolver\u00e1n \u00edntegramente, procediendo Hacienda a la devoluci\u00f3n de las cantidades minoradas en las resoluciones practicadas hasta el momento.<br \/>\n  Hacienda se ha comprometido a promover una tramitaci\u00f3n m\u00e1s \u00e1gil, reduciendo en mayor medida las cargas adn\u00a1ministrativas a los solicitantes.<br \/>\n  En el acuerdo se estima que el 80% de los solicitantes recibir\u00e1n la devoluci\u00f3n antes del 31 de diciembre de 2014.<br \/>\n  El ingreso de esta devoluci\u00f3n deber\u00e1 imputarse como tal en el ejercicio en que se reconozca el derecho a la devoluci\u00f3n.<br \/>\n  El \u00faltimo punto del acuerdo establece que se devolver\u00e1n las cantidades indebidamente ingresadas en los periodos y plazos de conformidad con la normativa fiscal aplicable. Ver acuerdo firmado.<\/p>\n","protected":false},"excerpt":{"rendered":"<p>Hoy a las 13:00 horas se ha procedido a la<a href=\"https:\/\/www.guitrans.eus\/eu\/2014\/11\/13\/ultima-hora-desconvocado-el-paro-de-transporte\/\" rel=\"nofollow\">Seguir leyendo&#8230;<\/a><\/p>\n","protected":false},"author":1,"featured_media":0,"comment_status":"open","ping_status":"open","sticky":false,"template":"","format":"standard","meta":{"footnotes":""},"categories":[32],"tags":[],"class_list":["post-4306","post","type-post","status-publish","format-standard","hentry","category-quienes-somos"],"_links":{"self":[{"href":"https:\/\/www.guitrans.eus\/eu\/wp-json\/wp\/v2\/posts\/4306","targetHints":{"allow":["GET"]}}],"collection":[{"href":"https:\/\/www.guitrans.eus\/eu\/wp-json\/wp\/v2\/posts"}],"about":[{"href":"https:\/\/www.guitrans.eus\/eu\/wp-json\/wp\/v2\/types\/post"}],"author":[{"embeddable":true,"href":"https:\/\/www.guitrans.eus\/eu\/wp-json\/wp\/v2\/users\/1"}],"replies":[{"embeddable":true,"href":"https:\/\/www.guitrans.eus\/eu\/wp-json\/wp\/v2\/comments?post=4306"}],"version-history":[{"count":0,"href":"https:\/\/www.guitrans.eus\/eu\/wp-json\/wp\/v2\/posts\/4306\/revisions"}],"wp:attachment":[{"href":"https:\/\/www.guitrans.eus\/eu\/wp-json\/wp\/v2\/media?parent=4306"}],"wp:term":[{"taxonomy":"category","embeddable":true,"href":"https:\/\/www.guitrans.eus\/eu\/wp-json\/wp\/v2\/categories?post=4306"},{"taxonomy":"post_tag","embeddable":true,"href":"https:\/\/www.guitrans.eus\/eu\/wp-json\/wp\/v2\/tags?post=4306"}],"curies":[{"name":"wp","href":"https:\/\/api.w.org\/{rel}","templated":true}]}}