{"id":431,"date":"2008-08-22T00:00:00","date_gmt":"2008-08-21T22:00:00","guid":{"rendered":"https:\/\/guitrans.eus\/wp\/index.php\/2008\/08\/22\/el-precio-del-gasoleo-sube-un-08-desde-el-11-de-junio-de-2008\/"},"modified":"2008-08-22T00:00:00","modified_gmt":"2008-08-21T22:00:00","slug":"el-precio-del-gasoleo-sube-un-08-desde-el-11-de-junio-de-2008","status":"publish","type":"post","link":"https:\/\/www.guitrans.eus\/eu\/2008\/08\/22\/el-precio-del-gasoleo-sube-un-08-desde-el-11-de-junio-de-2008\/","title":{"rendered":"El precio del gas\u00f3leo sube un 0,8% desde el 11 de junio de 2008"},"content":{"rendered":"<p>El \u00faltimo dato proporcionado por el Ministerio de Industria indica&nbsp;que el precio del gas\u00f3leo de automoci\u00f3n se ha reducido el 1,97% en la semana correspondiente a los d\u00edas 20 al 27 julio, con ello, el incremento en los precios del combustible desde el 11 de junio, dechas de la publicaci\u00f3n oficial de este dato ha sido del 0,8%. Teniendo en cuenta que la subida desde el 1 de enero de 2008 fue del 19%, la subida el 27 de julio ser\u00eda del 19,8%.<\/p>\n","protected":false},"excerpt":{"rendered":"<p>El \u00faltimo dato proporcionado por el Ministerio de Industria indica&nbsp;que<a href=\"https:\/\/www.guitrans.eus\/eu\/2008\/08\/22\/el-precio-del-gasoleo-sube-un-08-desde-el-11-de-junio-de-2008\/\" rel=\"nofollow\">Seguir leyendo&#8230;<\/a><\/p>\n","protected":false},"author":1,"featured_media":0,"comment_status":"open","ping_status":"open","sticky":false,"template":"","format":"standard","meta":{"footnotes":""},"categories":[1],"tags":[],"class_list":["post-431","post","type-post","status-publish","format-standard","hentry","category-sin-categorizar"],"_links":{"self":[{"href":"https:\/\/www.guitrans.eus\/eu\/wp-json\/wp\/v2\/posts\/431","targetHints":{"allow":["GET"]}}],"collection":[{"href":"https:\/\/www.guitrans.eus\/eu\/wp-json\/wp\/v2\/posts"}],"about":[{"href":"https:\/\/www.guitrans.eus\/eu\/wp-json\/wp\/v2\/types\/post"}],"author":[{"embeddable":true,"href":"https:\/\/www.guitrans.eus\/eu\/wp-json\/wp\/v2\/users\/1"}],"replies":[{"embeddable":true,"href":"https:\/\/www.guitrans.eus\/eu\/wp-json\/wp\/v2\/comments?post=431"}],"version-history":[{"count":0,"href":"https:\/\/www.guitrans.eus\/eu\/wp-json\/wp\/v2\/posts\/431\/revisions"}],"wp:attachment":[{"href":"https:\/\/www.guitrans.eus\/eu\/wp-json\/wp\/v2\/media?parent=431"}],"wp:term":[{"taxonomy":"category","embeddable":true,"href":"https:\/\/www.guitrans.eus\/eu\/wp-json\/wp\/v2\/categories?post=431"},{"taxonomy":"post_tag","embeddable":true,"href":"https:\/\/www.guitrans.eus\/eu\/wp-json\/wp\/v2\/tags?post=431"}],"curies":[{"name":"wp","href":"https:\/\/api.w.org\/{rel}","templated":true}]}}