{"id":4382,"date":"2015-01-21T00:00:00","date_gmt":"2015-01-20T23:00:00","guid":{"rendered":"https:\/\/guitrans.eus\/wp\/index.php\/2015\/01\/21\/fomento-promocionara-las-areas-de-servicio-y-aparcamientos-seguros-en-la-nueva-ley-de-carreteras\/"},"modified":"2015-01-21T00:00:00","modified_gmt":"2015-01-20T23:00:00","slug":"fomento-promocionara-las-areas-de-servicio-y-aparcamientos-seguros-en-la-nueva-ley-de-carreteras","status":"publish","type":"post","link":"https:\/\/www.guitrans.eus\/eu\/2015\/01\/21\/fomento-promocionara-las-areas-de-servicio-y-aparcamientos-seguros-en-la-nueva-ley-de-carreteras\/","title":{"rendered":"Fomento promocionar\u00e1 las \u00e1reas de servicio y aparcamientos seguros en la nueva Ley de Carreteras"},"content":{"rendered":"<p>La Ministra de Fomento, Ana Pastor, ha anunciado que pr\u00f3ximamente llevar\u00e1 al Consejo de Ministros una nueva Ley de Carreteras que, entre otros aspectos, exigir\u00e1 que la construcci\u00f3n de una nueva v\u00eda pase por un an\u00e1lisis previo de su viabilidad.<\/p>\n<p>La nueva legislaci\u00f3n abrir\u00e1 adem\u00e1s la puerta al capital privado para la construcci\u00f3n de aparcamientos y \u00e1reas de servicio en las autov\u00edas, seg\u00fan detall\u00f3 Pastor.<\/p>\n<p>Asimismo, la ley promover\u00e1 el dise\u00f1o de lo que denomin\u00f3 &#8220;itinerarios de inter\u00e9s general&#8221;, esto es, nuevas conexiones por carretera con puntos que necesiten enlaces, como pueden ser los centros log\u00edsticos.<\/p>\n<p>Adem\u00e1s, la norma incentivar\u00e1 la introducci\u00f3n de nuevas tecnolog\u00edas en el sector y la utilizaci\u00f3n de &#8220;sistemas inteligentes para conocer y controlar las caracter\u00edsticas del tr\u00e1fico en la red de carreteras espa\u00f1olas&#8221;, seg\u00fan avanz\u00f3 Pastor.<\/p>\n","protected":false},"excerpt":{"rendered":"<p>La Ministra de Fomento, Ana Pastor, ha anunciado que pr\u00f3ximamente<a href=\"https:\/\/www.guitrans.eus\/eu\/2015\/01\/21\/fomento-promocionara-las-areas-de-servicio-y-aparcamientos-seguros-en-la-nueva-ley-de-carreteras\/\" rel=\"nofollow\">Seguir leyendo&#8230;<\/a><\/p>\n","protected":false},"author":1,"featured_media":0,"comment_status":"open","ping_status":"open","sticky":false,"template":"","format":"standard","meta":{"footnotes":""},"categories":[100],"tags":[],"class_list":["post-4382","post","type-post","status-publish","format-standard","hentry","category-azpiegiturak"],"_links":{"self":[{"href":"https:\/\/www.guitrans.eus\/eu\/wp-json\/wp\/v2\/posts\/4382","targetHints":{"allow":["GET"]}}],"collection":[{"href":"https:\/\/www.guitrans.eus\/eu\/wp-json\/wp\/v2\/posts"}],"about":[{"href":"https:\/\/www.guitrans.eus\/eu\/wp-json\/wp\/v2\/types\/post"}],"author":[{"embeddable":true,"href":"https:\/\/www.guitrans.eus\/eu\/wp-json\/wp\/v2\/users\/1"}],"replies":[{"embeddable":true,"href":"https:\/\/www.guitrans.eus\/eu\/wp-json\/wp\/v2\/comments?post=4382"}],"version-history":[{"count":0,"href":"https:\/\/www.guitrans.eus\/eu\/wp-json\/wp\/v2\/posts\/4382\/revisions"}],"wp:attachment":[{"href":"https:\/\/www.guitrans.eus\/eu\/wp-json\/wp\/v2\/media?parent=4382"}],"wp:term":[{"taxonomy":"category","embeddable":true,"href":"https:\/\/www.guitrans.eus\/eu\/wp-json\/wp\/v2\/categories?post=4382"},{"taxonomy":"post_tag","embeddable":true,"href":"https:\/\/www.guitrans.eus\/eu\/wp-json\/wp\/v2\/tags?post=4382"}],"curies":[{"name":"wp","href":"https:\/\/api.w.org\/{rel}","templated":true}]}}