{"id":4409,"date":"2015-01-30T00:00:00","date_gmt":"2015-01-29T23:00:00","guid":{"rendered":"https:\/\/guitrans.eus\/wp\/index.php\/2015\/01\/30\/ultima-hora-suspension-de-las-obligaciones-de-la-ley-del-salario-minimo-aleman-para-el-transporte-en-transito\/"},"modified":"2015-01-30T00:00:00","modified_gmt":"2015-01-29T23:00:00","slug":"ultima-hora-suspension-de-las-obligaciones-de-la-ley-del-salario-minimo-aleman-para-el-transporte-en-transito","status":"publish","type":"post","link":"https:\/\/www.guitrans.eus\/eu\/2015\/01\/30\/ultima-hora-suspension-de-las-obligaciones-de-la-ley-del-salario-minimo-aleman-para-el-transporte-en-transito\/","title":{"rendered":"\u00daLTIMA HORA: Suspensi\u00f3n de las obligaciones de la ley del salario m\u00ednimo alem\u00e1n para el transporte &#8220;en tr\u00e1nsito&#8221;"},"content":{"rendered":"<p>Seg\u00fan nos informa ASTIC, por la informaci\u00f3n facilitada por la asociaci\u00f3n alemana BGL con ocasi\u00f3n de un encuentro germano-polaco, el Ministerio alem\u00e1n de Transportes ha informado de que para el transporte en tr\u00e1nsito por Alemania las obligaciones para los transportistas extranjeros, como consecuencia de la aplicaci\u00f3n de la Ley de Salario M\u00ednimo, han sido suspendidas. Seg\u00fan interpretaci\u00f3n del Ministerio de Transportes alem\u00e1n, la suspensi\u00f3n abarca solo el transporte en tr\u00e1nsito, es decir, no abarca el transporte internacional con origen o destino en Alemania ni el transporte de cabotaje, que seguir\u00e1n estando sometidos a las mismas obligaciones. ASTIC y la IRU han solicitado la suspensi\u00f3n inmediata para todos los transportistas extranjeros, tanto en el transporte internacional como en el de cabotaje.<\/p>\n","protected":false},"excerpt":{"rendered":"<p>Seg\u00fan nos informa ASTIC, por la informaci\u00f3n facilitada por la<a href=\"https:\/\/www.guitrans.eus\/eu\/2015\/01\/30\/ultima-hora-suspension-de-las-obligaciones-de-la-ley-del-salario-minimo-aleman-para-el-transporte-en-transito\/\" rel=\"nofollow\">Seguir leyendo&#8230;<\/a><\/p>\n","protected":false},"author":1,"featured_media":0,"comment_status":"open","ping_status":"open","sticky":false,"template":"","format":"standard","meta":{"footnotes":""},"categories":[87],"tags":[],"class_list":["post-4409","post","type-post","status-publish","format-standard","hentry","category-europa-eu"],"_links":{"self":[{"href":"https:\/\/www.guitrans.eus\/eu\/wp-json\/wp\/v2\/posts\/4409","targetHints":{"allow":["GET"]}}],"collection":[{"href":"https:\/\/www.guitrans.eus\/eu\/wp-json\/wp\/v2\/posts"}],"about":[{"href":"https:\/\/www.guitrans.eus\/eu\/wp-json\/wp\/v2\/types\/post"}],"author":[{"embeddable":true,"href":"https:\/\/www.guitrans.eus\/eu\/wp-json\/wp\/v2\/users\/1"}],"replies":[{"embeddable":true,"href":"https:\/\/www.guitrans.eus\/eu\/wp-json\/wp\/v2\/comments?post=4409"}],"version-history":[{"count":0,"href":"https:\/\/www.guitrans.eus\/eu\/wp-json\/wp\/v2\/posts\/4409\/revisions"}],"wp:attachment":[{"href":"https:\/\/www.guitrans.eus\/eu\/wp-json\/wp\/v2\/media?parent=4409"}],"wp:term":[{"taxonomy":"category","embeddable":true,"href":"https:\/\/www.guitrans.eus\/eu\/wp-json\/wp\/v2\/categories?post=4409"},{"taxonomy":"post_tag","embeddable":true,"href":"https:\/\/www.guitrans.eus\/eu\/wp-json\/wp\/v2\/tags?post=4409"}],"curies":[{"name":"wp","href":"https:\/\/api.w.org\/{rel}","templated":true}]}}